{"id":826,"date":"2019-09-03T11:03:05","date_gmt":"2019-09-03T14:03:05","guid":{"rendered":"https:\/\/www3.santoandre.sp.gov.br\/gcz\/?p=826"},"modified":"2025-02-18T16:18:24","modified_gmt":"2025-02-18T19:18:24","slug":"akita","status":"publish","type":"post","link":"https:\/\/www3.santoandre.sp.gov.br\/gcz\/index.php\/2019\/09\/03\/akita\/","title":{"rendered":"\u2297\u00a0ADOTADO \u2297 Akita"},"content":{"rendered":"<p><img loading=\"lazy\" decoding=\"async\" class=\"alignnone wp-image-829\" src=\"https:\/\/www3.santoandre.sp.gov.br\/gcz\/wp-content\/uploads\/2019\/09\/akita-2-1-300x200.jpg\" alt=\"\" width=\"556\" height=\"371\" srcset=\"https:\/\/www3.santoandre.sp.gov.br\/gcz\/wp-content\/uploads\/2019\/09\/akita-2-1-300x200.jpg 300w, https:\/\/www3.santoandre.sp.gov.br\/gcz\/wp-content\/uploads\/2019\/09\/akita-2-1-768x512.jpg 768w, https:\/\/www3.santoandre.sp.gov.br\/gcz\/wp-content\/uploads\/2019\/09\/akita-2-1-1024x682.jpg 1024w, https:\/\/www3.santoandre.sp.gov.br\/gcz\/wp-content\/uploads\/2019\/09\/akita-2-1-1140x760.jpg 1140w, https:\/\/www3.santoandre.sp.gov.br\/gcz\/wp-content\/uploads\/2019\/09\/akita-2-1.jpg 1280w\" sizes=\"auto, (max-width: 556px) 100vw, 556px\" \/><\/p>\n<p style=\"text-align: left;\">\u00a0 <img loading=\"lazy\" decoding=\"async\" class=\"wp-image-828 alignleft\" src=\"https:\/\/www3.santoandre.sp.gov.br\/gcz\/wp-content\/uploads\/2019\/09\/Akita-1-300x200.jpg\" alt=\"\" width=\"556\" height=\"371\" srcset=\"https:\/\/www3.santoandre.sp.gov.br\/gcz\/wp-content\/uploads\/2019\/09\/Akita-1-300x200.jpg 300w, https:\/\/www3.santoandre.sp.gov.br\/gcz\/wp-content\/uploads\/2019\/09\/Akita-1-768x512.jpg 768w, https:\/\/www3.santoandre.sp.gov.br\/gcz\/wp-content\/uploads\/2019\/09\/Akita-1-1024x682.jpg 1024w, https:\/\/www3.santoandre.sp.gov.br\/gcz\/wp-content\/uploads\/2019\/09\/Akita-1-1140x760.jpg 1140w, https:\/\/www3.santoandre.sp.gov.br\/gcz\/wp-content\/uploads\/2019\/09\/Akita-1.jpg 1280w\" sizes=\"auto, (max-width: 556px) 100vw, 556px\" \/><\/p>\n<p>&nbsp;<\/p>\n<p>&nbsp;<\/p>\n<p>&nbsp;<\/p>\n<table style=\"width: 76.9571%;\">\n<tbody>\n<tr>\n<td style=\"width: 24.1554%;\" width=\"140\"><strong>Nome<\/strong><\/td>\n<td style=\"width: 108.396%;\" width=\"437\">\u2297 ADOTADO \u2297 Akita<\/td>\n<\/tr>\n<tr>\n<td style=\"width: 24.1554%;\" width=\"140\"><strong>Prontu\u00e1rio<\/strong><\/td>\n<td style=\"width: 108.396%;\" width=\"437\">242\/17<\/td>\n<\/tr>\n<tr>\n<td style=\"width: 24.1554%;\" width=\"140\"><strong>Ra\u00e7a<\/strong><\/td>\n<td style=\"width: 108.396%;\" width=\"437\">SRD<\/td>\n<\/tr>\n<tr>\n<td style=\"width: 24.1554%;\" width=\"140\"><strong>Esp\u00e9cie<\/strong><\/td>\n<td style=\"width: 108.396%;\" width=\"437\">Canina<\/td>\n<\/tr>\n<tr>\n<td style=\"width: 24.1554%;\" width=\"140\"><strong>Sexo<\/strong><\/td>\n<td style=\"width: 108.396%;\" width=\"437\">Macho<\/td>\n<\/tr>\n<tr>\n<td style=\"width: 24.1554%;\" width=\"140\"><strong>Cor<\/strong><\/td>\n<td style=\"width: 108.396%;\" width=\"437\">Branco e marrom<\/td>\n<\/tr>\n<tr>\n<td style=\"width: 24.1554%;\" width=\"140\"><strong>Pelagem<\/strong><\/td>\n<td style=\"width: 108.396%;\" width=\"437\">Curta<\/td>\n<\/tr>\n<tr>\n<td style=\"width: 24.1554%;\" width=\"140\"><strong>Porte<\/strong><\/td>\n<td style=\"width: 108.396%;\" width=\"437\">Grande<\/td>\n<\/tr>\n<tr>\n<td style=\"width: 24.1554%;\" width=\"140\"><strong>Idade<\/strong><\/td>\n<td style=\"width: 108.396%;\" width=\"437\">Adulto<\/td>\n<\/tr>\n<tr>\n<td style=\"width: 24.1554%;\" width=\"140\"><strong>Outras informa\u00e7\u00f5es<\/strong><\/td>\n<td style=\"width: 108.396%;\" width=\"437\">Carinhoso, adora brincar, correr, tem que ser filho \u00fanico.<\/p>\n<p>Castrado, vacinado e vermifugado.<\/td>\n<\/tr>\n<\/tbody>\n<\/table>\n","protected":false},"excerpt":{"rendered":"<p>\u00a0 &nbsp; &nbsp; &nbsp; Nome \u2297 ADOTADO \u2297 Akita Prontu\u00e1rio 242\/17 Ra\u00e7a SRD Esp\u00e9cie Canina Sexo Macho Cor Branco e marrom Pelagem Curta Porte Grande Idade Adulto Outras informa\u00e7\u00f5es Carinhoso, adora brincar, correr, tem que ser filho \u00fanico. Castrado, vacinado e vermifugado.<\/p>\n","protected":false},"author":4,"featured_media":1571,"comment_status":"closed","ping_status":"open","sticky":false,"template":"","format":"standard","meta":{"footnotes":""},"categories":[59],"tags":[80],"class_list":["post-826","post","type-post","status-publish","format-standard","has-post-thumbnail","hentry","category-adotados","tag-adotado"],"rttpg_featured_image_url":{"full":["https:\/\/www3.santoandre.sp.gov.br\/gcz\/wp-content\/uploads\/2019\/09\/Akita-1-300x200-1.jpg",300,200,false],"landscape":["https:\/\/www3.santoandre.sp.gov.br\/gcz\/wp-content\/uploads\/2019\/09\/Akita-1-300x200-1.jpg",300,200,false],"portraits":["https:\/\/www3.santoandre.sp.gov.br\/gcz\/wp-content\/uploads\/2019\/09\/Akita-1-300x200-1.jpg",300,200,false],"thumbnail":["https:\/\/www3.santoandre.sp.gov.br\/gcz\/wp-content\/uploads\/2019\/09\/Akita-1-300x200-1-150x150.jpg",150,150,true],"medium":["https:\/\/www3.santoandre.sp.gov.br\/gcz\/wp-content\/uploads\/2019\/09\/Akita-1-300x200-1.jpg",300,200,false],"large":["https:\/\/www3.santoandre.sp.gov.br\/gcz\/wp-content\/uploads\/2019\/09\/Akita-1-300x200-1.jpg",300,200,false],"1536x1536":["https:\/\/www3.santoandre.sp.gov.br\/gcz\/wp-content\/uploads\/2019\/09\/Akita-1-300x200-1.jpg",300,200,false],"2048x2048":["https:\/\/www3.santoandre.sp.gov.br\/gcz\/wp-content\/uploads\/2019\/09\/Akita-1-300x200-1.jpg",300,200,false],"bard-slider-full-thumbnail":["https:\/\/www3.santoandre.sp.gov.br\/gcz\/wp-content\/uploads\/2019\/09\/Akita-1-300x200-1.jpg",300,200,false],"bard-full-thumbnail":["https:\/\/www3.santoandre.sp.gov.br\/gcz\/wp-content\/uploads\/2019\/09\/Akita-1-300x200-1.jpg",300,200,false],"bard-grid-thumbnail":["https:\/\/www3.santoandre.sp.gov.br\/gcz\/wp-content\/uploads\/2019\/09\/Akita-1-300x200-1.jpg",300,200,false],"bard-list-thumbnail":["https:\/\/www3.santoandre.sp.gov.br\/gcz\/wp-content\/uploads\/2019\/09\/Akita-1-300x200-1.jpg",300,200,false],"bard-single-navigation":["https:\/\/www3.santoandre.sp.gov.br\/gcz\/wp-content\/uploads\/2019\/09\/Akita-1-300x200-1-75x75.jpg",75,75,true],"tlp-portfolio-thumb":["https:\/\/www3.santoandre.sp.gov.br\/gcz\/wp-content\/uploads\/2019\/09\/Akita-1-300x200-1.jpg",300,200,false]},"rttpg_author":{"display_name":"LSERZEDELLO SANTO ANDRE","author_link":"https:\/\/www3.santoandre.sp.gov.br\/gcz\/index.php\/author\/acbsilva\/"},"rttpg_comment":0,"rttpg_category":"<a href=\"https:\/\/www3.santoandre.sp.gov.br\/gcz\/index.php\/category\/situacao\/adotados\/\" rel=\"category tag\">Adotados<\/a>","rttpg_excerpt":"\u00a0 &nbsp; &nbsp; &nbsp; Nome \u2297 ADOTADO \u2297 Akita Prontu\u00e1rio 242\/17 Ra\u00e7a SRD Esp\u00e9cie Canina Sexo Macho Cor Branco e marrom Pelagem Curta Porte Grande Idade Adulto Outras informa\u00e7\u00f5es Carinhoso, adora brincar, correr, tem que ser filho \u00fanico. Castrado, vacinado e vermifugado.","_links":{"self":[{"href":"https:\/\/www3.santoandre.sp.gov.br\/gcz\/index.php\/wp-json\/wp\/v2\/posts\/826","targetHints":{"allow":["GET"]}}],"collection":[{"href":"https:\/\/www3.santoandre.sp.gov.br\/gcz\/index.php\/wp-json\/wp\/v2\/posts"}],"about":[{"href":"https:\/\/www3.santoandre.sp.gov.br\/gcz\/index.php\/wp-json\/wp\/v2\/types\/post"}],"author":[{"embeddable":true,"href":"https:\/\/www3.santoandre.sp.gov.br\/gcz\/index.php\/wp-json\/wp\/v2\/users\/4"}],"replies":[{"embeddable":true,"href":"https:\/\/www3.santoandre.sp.gov.br\/gcz\/index.php\/wp-json\/wp\/v2\/comments?post=826"}],"version-history":[{"count":13,"href":"https:\/\/www3.santoandre.sp.gov.br\/gcz\/index.php\/wp-json\/wp\/v2\/posts\/826\/revisions"}],"predecessor-version":[{"id":2508,"href":"https:\/\/www3.santoandre.sp.gov.br\/gcz\/index.php\/wp-json\/wp\/v2\/posts\/826\/revisions\/2508"}],"wp:featuredmedia":[{"embeddable":true,"href":"https:\/\/www3.santoandre.sp.gov.br\/gcz\/index.php\/wp-json\/wp\/v2\/media\/1571"}],"wp:attachment":[{"href":"https:\/\/www3.santoandre.sp.gov.br\/gcz\/index.php\/wp-json\/wp\/v2\/media?parent=826"}],"wp:term":[{"taxonomy":"category","embeddable":true,"href":"https:\/\/www3.santoandre.sp.gov.br\/gcz\/index.php\/wp-json\/wp\/v2\/categories?post=826"},{"taxonomy":"post_tag","embeddable":true,"href":"https:\/\/www3.santoandre.sp.gov.br\/gcz\/index.php\/wp-json\/wp\/v2\/tags?post=826"}],"curies":[{"name":"wp","href":"https:\/\/api.w.org\/{rel}","templated":true}]}}