{"id":2905,"date":"2025-02-18T14:58:43","date_gmt":"2025-02-18T17:58:43","guid":{"rendered":"https:\/\/www3.santoandre.sp.gov.br\/gcz\/?p=2905"},"modified":"2026-01-21T11:52:57","modified_gmt":"2026-01-21T14:52:57","slug":"pietra","status":"publish","type":"post","link":"https:\/\/www3.santoandre.sp.gov.br\/gcz\/index.php\/2025\/02\/18\/pietra\/","title":{"rendered":"\ud83d\udc3e Pietra \ud83d\udc3e"},"content":{"rendered":"<p style=\"text-align: center;\"><span style=\"font-size: 14pt;\"><strong><span style=\"color: #ff0000;\">Todos os animais da GCZ s\u00e3o castrados, vacinados e vermifugados.<\/span><\/strong><\/span><\/p>\n<p style=\"text-align: center;\"><span style=\"font-size: 14pt;\"><strong>Muito Prazer, eu sou a <span style=\"color: #ff00ff;\">Pietra<\/span><span style=\"color: #ff00ff;\"><span style=\"color: #000000;\">! \u00a0 \u00a0<\/span><\/span><\/strong><\/span><\/p>\n<p style=\"text-align: center;\">Venha at\u00e9 a Ger\u00eancia de Controle de Zoonoses me conhecer!<\/p>\n<table class=\" aligncenter\" style=\"width: 78.722%; height: 496px;\">\n<tbody>\n<tr style=\"height: 24px;\">\n<td style=\"width: 24.1554%; height: 24px;\" width=\"140\"><strong>Nome<\/strong><\/td>\n<td style=\"width: 136.159%; height: 24px;\" width=\"437\">Pietra<\/td>\n<\/tr>\n<tr style=\"height: 24px;\">\n<td style=\"width: 24.1554%; height: 24px;\" width=\"140\"><strong>Prontu\u00e1rio<\/strong><\/td>\n<td style=\"width: 136.159%; height: 24px;\" width=\"437\">473\/22<\/td>\n<\/tr>\n<tr style=\"height: 24px;\">\n<td style=\"width: 24.1554%; height: 24px;\" width=\"140\"><strong>Ra\u00e7a<\/strong><\/td>\n<td style=\"width: 136.159%; height: 24px;\" width=\"437\">SRD mas pare\u00e7o muito com Schnauzer<\/td>\n<\/tr>\n<tr style=\"height: 24px;\">\n<td style=\"width: 24.1554%; height: 24px;\" width=\"140\"><strong>Esp\u00e9cie<\/strong><\/td>\n<td style=\"width: 136.159%; height: 24px;\" width=\"437\">Canina<\/td>\n<\/tr>\n<tr style=\"height: 24px;\">\n<td style=\"width: 24.1554%; height: 24px;\" width=\"140\"><strong>Sexo<\/strong><\/td>\n<td style=\"width: 136.159%; height: 24px;\" width=\"437\">F\u00eamea<\/td>\n<\/tr>\n<tr style=\"height: 24px;\">\n<td style=\"width: 24.1554%; height: 24px;\" width=\"140\"><strong>Cor<\/strong><\/td>\n<td style=\"width: 136.159%; height: 24px;\" width=\"437\">Preta com bigode branco<\/td>\n<\/tr>\n<tr style=\"height: 24px;\">\n<td style=\"width: 24.1554%; height: 24px;\" width=\"140\"><strong>Pelagem<\/strong><\/td>\n<td style=\"width: 136.159%; height: 24px;\" width=\"437\">M\u00e9dia<\/td>\n<\/tr>\n<tr style=\"height: 24px;\">\n<td style=\"width: 24.1554%; height: 24px;\" width=\"140\"><strong>Porte<\/strong><\/td>\n<td style=\"width: 136.159%; height: 24px;\" width=\"437\">M\u00e9dio (19,4 kg)<\/td>\n<\/tr>\n<tr style=\"height: 24px;\">\n<td style=\"width: 24.1554%; height: 24px;\" width=\"140\"><strong>Idade<\/strong><\/td>\n<td style=\"width: 136.159%; height: 24px;\" width=\"437\">Adulto<\/td>\n<\/tr>\n<tr style=\"height: 48px;\">\n<td style=\"width: 24.1554%; height: 48px;\" width=\"140\"><strong>Outras informa\u00e7\u00f5es<\/strong><\/td>\n<td style=\"width: 136.159%; height: 48px;\" width=\"437\">D\u00f3cil, brincalhona, convive com outros, muito amorosa.<\/td>\n<\/tr>\n<\/tbody>\n<\/table>\n<p>&nbsp;<\/p>\n<p>&nbsp;<\/p>\n<p>&nbsp;<\/p>\n<p style=\"text-align: center;\">Mais fotos:<\/p>\n<p>&nbsp;<\/p>\n<p><img loading=\"lazy\" decoding=\"async\" class=\"size-full wp-image-3614 aligncenter\" src=\"https:\/\/www3.santoandre.sp.gov.br\/gcz\/wp-content\/uploads\/2025\/02\/83142088-dfd3-42c2-baab-ae96b20f8932-1.jpg\" alt=\"\" width=\"900\" height=\"1600\" srcset=\"https:\/\/www3.santoandre.sp.gov.br\/gcz\/wp-content\/uploads\/2025\/02\/83142088-dfd3-42c2-baab-ae96b20f8932-1.jpg 900w, https:\/\/www3.santoandre.sp.gov.br\/gcz\/wp-content\/uploads\/2025\/02\/83142088-dfd3-42c2-baab-ae96b20f8932-1-169x300.jpg 169w, https:\/\/www3.santoandre.sp.gov.br\/gcz\/wp-content\/uploads\/2025\/02\/83142088-dfd3-42c2-baab-ae96b20f8932-1-576x1024.jpg 576w, https:\/\/www3.santoandre.sp.gov.br\/gcz\/wp-content\/uploads\/2025\/02\/83142088-dfd3-42c2-baab-ae96b20f8932-1-768x1365.jpg 768w, https:\/\/www3.santoandre.sp.gov.br\/gcz\/wp-content\/uploads\/2025\/02\/83142088-dfd3-42c2-baab-ae96b20f8932-1-864x1536.jpg 864w\" sizes=\"auto, (max-width: 900px) 100vw, 900px\" \/><\/p>\n<p style=\"text-align: center;\"><span style=\"font-size: 14pt;\"><strong><span style=\"color: #ff00ff;\"><span style=\"color: #000000;\"><img loading=\"lazy\" decoding=\"async\" class=\"wp-image-2910 aligncenter\" src=\"https:\/\/www3.santoandre.sp.gov.br\/gcz\/wp-content\/uploads\/2025\/02\/IMG_9851.jpg\" alt=\"\" width=\"555\" height=\"555\" srcset=\"https:\/\/www3.santoandre.sp.gov.br\/gcz\/wp-content\/uploads\/2025\/02\/IMG_9851.jpg 1280w, https:\/\/www3.santoandre.sp.gov.br\/gcz\/wp-content\/uploads\/2025\/02\/IMG_9851-300x300.jpg 300w, https:\/\/www3.santoandre.sp.gov.br\/gcz\/wp-content\/uploads\/2025\/02\/IMG_9851-1024x1024.jpg 1024w, https:\/\/www3.santoandre.sp.gov.br\/gcz\/wp-content\/uploads\/2025\/02\/IMG_9851-150x150.jpg 150w, https:\/\/www3.santoandre.sp.gov.br\/gcz\/wp-content\/uploads\/2025\/02\/IMG_9851-768x768.jpg 768w, https:\/\/www3.santoandre.sp.gov.br\/gcz\/wp-content\/uploads\/2025\/02\/IMG_9851-1140x1140.jpg 1140w, https:\/\/www3.santoandre.sp.gov.br\/gcz\/wp-content\/uploads\/2025\/02\/IMG_9851-75x75.jpg 75w\" sizes=\"auto, (max-width: 555px) 100vw, 555px\" \/> <\/span><\/span><\/strong><\/span><\/p>\n<p style=\"text-align: center;\"><span style=\"font-size: 14pt;\"><strong><span style=\"color: #ff00ff;\"><span style=\"color: #000000;\"><img loading=\"lazy\" decoding=\"async\" class=\"wp-image-2911 aligncenter\" src=\"https:\/\/www3.santoandre.sp.gov.br\/gcz\/wp-content\/uploads\/2025\/02\/IMG_9855.jpg\" alt=\"\" width=\"543\" height=\"543\" srcset=\"https:\/\/www3.santoandre.sp.gov.br\/gcz\/wp-content\/uploads\/2025\/02\/IMG_9855.jpg 1280w, https:\/\/www3.santoandre.sp.gov.br\/gcz\/wp-content\/uploads\/2025\/02\/IMG_9855-300x300.jpg 300w, https:\/\/www3.santoandre.sp.gov.br\/gcz\/wp-content\/uploads\/2025\/02\/IMG_9855-1024x1024.jpg 1024w, https:\/\/www3.santoandre.sp.gov.br\/gcz\/wp-content\/uploads\/2025\/02\/IMG_9855-150x150.jpg 150w, https:\/\/www3.santoandre.sp.gov.br\/gcz\/wp-content\/uploads\/2025\/02\/IMG_9855-768x768.jpg 768w, https:\/\/www3.santoandre.sp.gov.br\/gcz\/wp-content\/uploads\/2025\/02\/IMG_9855-1140x1140.jpg 1140w, https:\/\/www3.santoandre.sp.gov.br\/gcz\/wp-content\/uploads\/2025\/02\/IMG_9855-75x75.jpg 75w\" sizes=\"auto, (max-width: 543px) 100vw, 543px\" \/> <img loading=\"lazy\" decoding=\"async\" class=\"alignnone wp-image-2912\" src=\"https:\/\/www3.santoandre.sp.gov.br\/gcz\/wp-content\/uploads\/2025\/02\/IMG_9861.jpg\" alt=\"\" width=\"690\" height=\"690\" srcset=\"https:\/\/www3.santoandre.sp.gov.br\/gcz\/wp-content\/uploads\/2025\/02\/IMG_9861.jpg 1280w, https:\/\/www3.santoandre.sp.gov.br\/gcz\/wp-content\/uploads\/2025\/02\/IMG_9861-300x300.jpg 300w, https:\/\/www3.santoandre.sp.gov.br\/gcz\/wp-content\/uploads\/2025\/02\/IMG_9861-1024x1024.jpg 1024w, https:\/\/www3.santoandre.sp.gov.br\/gcz\/wp-content\/uploads\/2025\/02\/IMG_9861-150x150.jpg 150w, https:\/\/www3.santoandre.sp.gov.br\/gcz\/wp-content\/uploads\/2025\/02\/IMG_9861-768x768.jpg 768w, https:\/\/www3.santoandre.sp.gov.br\/gcz\/wp-content\/uploads\/2025\/02\/IMG_9861-1140x1140.jpg 1140w, https:\/\/www3.santoandre.sp.gov.br\/gcz\/wp-content\/uploads\/2025\/02\/IMG_9861-75x75.jpg 75w\" sizes=\"auto, (max-width: 690px) 100vw, 690px\" \/> <img loading=\"lazy\" decoding=\"async\" class=\"alignnone wp-image-2913\" src=\"https:\/\/www3.santoandre.sp.gov.br\/gcz\/wp-content\/uploads\/2025\/02\/IMG_9862.jpg\" alt=\"\" width=\"639\" height=\"639\" srcset=\"https:\/\/www3.santoandre.sp.gov.br\/gcz\/wp-content\/uploads\/2025\/02\/IMG_9862.jpg 1280w, https:\/\/www3.santoandre.sp.gov.br\/gcz\/wp-content\/uploads\/2025\/02\/IMG_9862-300x300.jpg 300w, https:\/\/www3.santoandre.sp.gov.br\/gcz\/wp-content\/uploads\/2025\/02\/IMG_9862-1024x1024.jpg 1024w, https:\/\/www3.santoandre.sp.gov.br\/gcz\/wp-content\/uploads\/2025\/02\/IMG_9862-150x150.jpg 150w, https:\/\/www3.santoandre.sp.gov.br\/gcz\/wp-content\/uploads\/2025\/02\/IMG_9862-768x768.jpg 768w, https:\/\/www3.santoandre.sp.gov.br\/gcz\/wp-content\/uploads\/2025\/02\/IMG_9862-1140x1140.jpg 1140w, https:\/\/www3.santoandre.sp.gov.br\/gcz\/wp-content\/uploads\/2025\/02\/IMG_9862-75x75.jpg 75w\" sizes=\"auto, (max-width: 639px) 100vw, 639px\" \/> <img loading=\"lazy\" decoding=\"async\" class=\"wp-image-2914 aligncenter\" src=\"https:\/\/www3.santoandre.sp.gov.br\/gcz\/wp-content\/uploads\/2025\/02\/IMG_9863.jpg\" alt=\"\" width=\"495\" height=\"495\" srcset=\"https:\/\/www3.santoandre.sp.gov.br\/gcz\/wp-content\/uploads\/2025\/02\/IMG_9863.jpg 1280w, https:\/\/www3.santoandre.sp.gov.br\/gcz\/wp-content\/uploads\/2025\/02\/IMG_9863-300x300.jpg 300w, https:\/\/www3.santoandre.sp.gov.br\/gcz\/wp-content\/uploads\/2025\/02\/IMG_9863-1024x1024.jpg 1024w, https:\/\/www3.santoandre.sp.gov.br\/gcz\/wp-content\/uploads\/2025\/02\/IMG_9863-150x150.jpg 150w, https:\/\/www3.santoandre.sp.gov.br\/gcz\/wp-content\/uploads\/2025\/02\/IMG_9863-768x768.jpg 768w, https:\/\/www3.santoandre.sp.gov.br\/gcz\/wp-content\/uploads\/2025\/02\/IMG_9863-1140x1140.jpg 1140w, https:\/\/www3.santoandre.sp.gov.br\/gcz\/wp-content\/uploads\/2025\/02\/IMG_9863-75x75.jpg 75w\" sizes=\"auto, (max-width: 495px) 100vw, 495px\" \/><\/span><\/span><\/strong><\/span><\/p>\n<p>&nbsp;<\/p>\n<p style=\"text-align: center;\"><span style=\"font-size: 14pt;\"><strong>Gostou de mim?<\/strong><\/span><\/p>\n<p style=\"text-align: center;\"><strong>Endere\u00e7o<\/strong><br \/>\nRua Igarapava, 239 \u2013 Bairro Valpara\u00edso &#8211; Santo Andr\u00e9, SP<\/p>\n<p style=\"text-align: center;\"><strong>Hor\u00e1rio<\/strong><br \/>\nSegunda\u2014sexta: 8h\u201317h<\/p>\n","protected":false},"excerpt":{"rendered":"<p>Todos os animais da GCZ s\u00e3o castrados, vacinados e vermifugados. Muito Prazer, eu sou a Pietra! \u00a0 \u00a0 Venha at\u00e9 a Ger\u00eancia de Controle de Zoonoses me conhecer! Nome Pietra Prontu\u00e1rio 473\/22 Ra\u00e7a SRD mas pare\u00e7o muito com Schnauzer Esp\u00e9cie Canina Sexo F\u00eamea Cor Preta com bigode branco Pelagem M\u00e9dia Porte M\u00e9dio (19,4 kg) Idade Adulto Outras informa\u00e7\u00f5es D\u00f3cil, brincalhona, convive com outros, muito amorosa. &nbsp; &nbsp; &nbsp; Mais fotos: &nbsp; &nbsp; Gostou de mim? Endere\u00e7o Rua Igarapava, 239 \u2013 Bairro Valpara\u00edso &#8211; Santo Andr\u00e9, SP Hor\u00e1rio Segunda\u2014sexta: 8h\u201317h<\/p>\n","protected":false},"author":4,"featured_media":3837,"comment_status":"open","ping_status":"open","sticky":false,"template":"","format":"standard","meta":{"footnotes":""},"categories":[98,93,85,84,60,89,87],"tags":[70,68,62,71,65,69,73],"class_list":["post-2905","post","type-post","status-publish","format-standard","has-post-thumbnail","hentry","category-adulto","category-canino","category-docil","category-femea","category-para-adocao","category-pelo-longo","category-porte-medio","tag-adote","tag-cadela","tag-canino","tag-castrada","tag-docil","tag-femea","tag-santo-andre"],"rttpg_featured_image_url":{"full":["https:\/\/www3.santoandre.sp.gov.br\/gcz\/wp-content\/uploads\/2025\/12\/29-1-scaled.png",2444,2560,false],"landscape":["https:\/\/www3.santoandre.sp.gov.br\/gcz\/wp-content\/uploads\/2025\/12\/29-1-scaled.png",2444,2560,false],"portraits":["https:\/\/www3.santoandre.sp.gov.br\/gcz\/wp-content\/uploads\/2025\/12\/29-1-scaled.png",2444,2560,false],"thumbnail":["https:\/\/www3.santoandre.sp.gov.br\/gcz\/wp-content\/uploads\/2025\/12\/29-1-150x150.png",150,150,true],"medium":["https:\/\/www3.santoandre.sp.gov.br\/gcz\/wp-content\/uploads\/2025\/12\/29-1-286x300.png",286,300,true],"large":["https:\/\/www3.santoandre.sp.gov.br\/gcz\/wp-content\/uploads\/2025\/12\/29-1-977x1024.png",960,1006,true],"1536x1536":["https:\/\/www3.santoandre.sp.gov.br\/gcz\/wp-content\/uploads\/2025\/12\/29-1-1466x1536.png",1466,1536,true],"2048x2048":["https:\/\/www3.santoandre.sp.gov.br\/gcz\/wp-content\/uploads\/2025\/12\/29-1-scaled.png",1955,2048,false],"bard-slider-full-thumbnail":["https:\/\/www3.santoandre.sp.gov.br\/gcz\/wp-content\/uploads\/2025\/12\/29-1-1080x540.png",1080,540,true],"bard-full-thumbnail":["https:\/\/www3.santoandre.sp.gov.br\/gcz\/wp-content\/uploads\/2025\/12\/29-1-1140x1194.png",1140,1194,true],"bard-grid-thumbnail":["https:\/\/www3.santoandre.sp.gov.br\/gcz\/wp-content\/uploads\/2025\/12\/29-1-500x380.png",500,380,true],"bard-list-thumbnail":["https:\/\/www3.santoandre.sp.gov.br\/gcz\/wp-content\/uploads\/2025\/12\/29-1-300x300.png",300,300,true],"bard-single-navigation":["https:\/\/www3.santoandre.sp.gov.br\/gcz\/wp-content\/uploads\/2025\/12\/29-1-75x75.png",75,75,true],"tlp-portfolio-thumb":["https:\/\/www3.santoandre.sp.gov.br\/gcz\/wp-content\/uploads\/2025\/12\/29-1-350x250.png",350,250,true]},"rttpg_author":{"display_name":"LSERZEDELLO SANTO ANDRE","author_link":"https:\/\/www3.santoandre.sp.gov.br\/gcz\/index.php\/author\/acbsilva\/"},"rttpg_comment":0,"rttpg_category":"<a href=\"https:\/\/www3.santoandre.sp.gov.br\/gcz\/index.php\/category\/idade\/adulto\/\" rel=\"category tag\">Adulto<\/a> <a href=\"https:\/\/www3.santoandre.sp.gov.br\/gcz\/index.php\/category\/especie\/canino\/\" rel=\"category tag\">Canino<\/a> <a href=\"https:\/\/www3.santoandre.sp.gov.br\/gcz\/index.php\/category\/temperamento\/docil\/\" rel=\"category tag\">D\u00f3cil<\/a> <a href=\"https:\/\/www3.santoandre.sp.gov.br\/gcz\/index.php\/category\/sexo\/femea\/\" rel=\"category tag\">F\u00eamea<\/a> <a href=\"https:\/\/www3.santoandre.sp.gov.br\/gcz\/index.php\/category\/situacao\/para-adocao\/\" rel=\"category tag\">Para Ado\u00e7\u00e3o<\/a> <a href=\"https:\/\/www3.santoandre.sp.gov.br\/gcz\/index.php\/category\/pelo\/pelo-longo\/\" rel=\"category tag\">Pelo longo<\/a> <a href=\"https:\/\/www3.santoandre.sp.gov.br\/gcz\/index.php\/category\/porte\/porte-medio\/\" rel=\"category tag\">Porte m\u00e9dio<\/a>","rttpg_excerpt":"Todos os animais da GCZ s\u00e3o castrados, vacinados e vermifugados. Muito Prazer, eu sou a Pietra! \u00a0 \u00a0 Venha at\u00e9 a Ger\u00eancia de Controle de Zoonoses me conhecer! Nome Pietra Prontu\u00e1rio 473\/22 Ra\u00e7a SRD mas pare\u00e7o muito com Schnauzer Esp\u00e9cie Canina Sexo F\u00eamea Cor Preta com bigode branco Pelagem M\u00e9dia Porte M\u00e9dio (19,4 kg) Idade&hellip;","_links":{"self":[{"href":"https:\/\/www3.santoandre.sp.gov.br\/gcz\/index.php\/wp-json\/wp\/v2\/posts\/2905","targetHints":{"allow":["GET"]}}],"collection":[{"href":"https:\/\/www3.santoandre.sp.gov.br\/gcz\/index.php\/wp-json\/wp\/v2\/posts"}],"about":[{"href":"https:\/\/www3.santoandre.sp.gov.br\/gcz\/index.php\/wp-json\/wp\/v2\/types\/post"}],"author":[{"embeddable":true,"href":"https:\/\/www3.santoandre.sp.gov.br\/gcz\/index.php\/wp-json\/wp\/v2\/users\/4"}],"replies":[{"embeddable":true,"href":"https:\/\/www3.santoandre.sp.gov.br\/gcz\/index.php\/wp-json\/wp\/v2\/comments?post=2905"}],"version-history":[{"count":7,"href":"https:\/\/www3.santoandre.sp.gov.br\/gcz\/index.php\/wp-json\/wp\/v2\/posts\/2905\/revisions"}],"predecessor-version":[{"id":3691,"href":"https:\/\/www3.santoandre.sp.gov.br\/gcz\/index.php\/wp-json\/wp\/v2\/posts\/2905\/revisions\/3691"}],"wp:featuredmedia":[{"embeddable":true,"href":"https:\/\/www3.santoandre.sp.gov.br\/gcz\/index.php\/wp-json\/wp\/v2\/media\/3837"}],"wp:attachment":[{"href":"https:\/\/www3.santoandre.sp.gov.br\/gcz\/index.php\/wp-json\/wp\/v2\/media?parent=2905"}],"wp:term":[{"taxonomy":"category","embeddable":true,"href":"https:\/\/www3.santoandre.sp.gov.br\/gcz\/index.php\/wp-json\/wp\/v2\/categories?post=2905"},{"taxonomy":"post_tag","embeddable":true,"href":"https:\/\/www3.santoandre.sp.gov.br\/gcz\/index.php\/wp-json\/wp\/v2\/tags?post=2905"}],"curies":[{"name":"wp","href":"https:\/\/api.w.org\/{rel}","templated":true}]}}