{"id":1586,"date":"2021-11-25T12:54:55","date_gmt":"2021-11-25T15:54:55","guid":{"rendered":"https:\/\/www3.santoandre.sp.gov.br\/gcz\/?p=1586"},"modified":"2025-02-18T16:18:25","modified_gmt":"2025-02-18T19:18:25","slug":"negao","status":"publish","type":"post","link":"https:\/\/www3.santoandre.sp.gov.br\/gcz\/index.php\/2021\/11\/25\/negao\/","title":{"rendered":"\u2297\u00a0ADOTADO \u2297 Neg\u00e3o"},"content":{"rendered":"<p>&nbsp;<\/p>\n<p><img loading=\"lazy\" decoding=\"async\" class=\"alignnone size-full wp-image-2350\" src=\"https:\/\/www3.santoandre.sp.gov.br\/gcz\/wp-content\/uploads\/2021\/11\/negao.png\" alt=\"\" width=\"600\" height=\"423\" srcset=\"https:\/\/www3.santoandre.sp.gov.br\/gcz\/wp-content\/uploads\/2021\/11\/negao.png 600w, https:\/\/www3.santoandre.sp.gov.br\/gcz\/wp-content\/uploads\/2021\/11\/negao-300x212.png 300w\" sizes=\"auto, (max-width: 600px) 100vw, 600px\" \/><\/p>\n<p>&nbsp;<\/p>\n<table style=\"width: 78.4627%; height: 288px;\" width=\"690\">\n<tbody>\n<tr style=\"height: 24px;\">\n<td style=\"height: 24px; width: 17.852%;\" width=\"120\">Nome<\/td>\n<td style=\"height: 24px; width: 138.026%;\" width=\"570\">\u2297 ADOTADO \u2297 Neg\u00e3o<\/td>\n<\/tr>\n<tr style=\"height: 24px;\">\n<td style=\"height: 24px; width: 17.852%;\">Prontu\u00e1rio<\/td>\n<td style=\"height: 24px; width: 138.026%;\">215\/14<\/td>\n<\/tr>\n<tr style=\"height: 24px;\">\n<td style=\"height: 24px; width: 17.852%;\">Ra\u00e7a<\/td>\n<td style=\"height: 24px; width: 138.026%;\">SRD<\/td>\n<\/tr>\n<tr style=\"height: 24px;\">\n<td style=\"height: 24px; width: 17.852%;\">Esp\u00e9cie<\/td>\n<td style=\"height: 24px; width: 138.026%;\">Canina<\/td>\n<\/tr>\n<tr style=\"height: 24px;\">\n<td style=\"height: 24px; width: 17.852%;\">Sexo<\/td>\n<td style=\"height: 24px; width: 138.026%;\">Macho<\/td>\n<\/tr>\n<tr style=\"height: 24px;\">\n<td style=\"height: 24px; width: 17.852%;\">Cor<\/td>\n<td style=\"height: 24px; width: 138.026%;\">Preto e Branco<\/td>\n<\/tr>\n<tr style=\"height: 24px;\">\n<td style=\"height: 24px; width: 17.852%;\">Pelagem<\/td>\n<td style=\"height: 24px; width: 138.026%;\">Curta<\/td>\n<\/tr>\n<tr style=\"height: 24px;\">\n<td style=\"height: 24px; width: 17.852%;\">Porte<\/td>\n<td style=\"height: 24px; width: 138.026%;\">M\u00e9dio<\/td>\n<\/tr>\n<tr style=\"height: 24px;\">\n<td style=\"height: 24px; width: 17.852%;\">Idade<\/td>\n<td style=\"height: 24px; width: 138.026%;\">Adulto<\/td>\n<\/tr>\n<tr style=\"height: 48px;\">\n<td style=\"height: 72px; width: 17.852%;\" rowspan=\"2\" width=\"120\">Outras Informa\u00e7\u00f5es<\/td>\n<td style=\"height: 48px; width: 138.026%;\">D\u00f3cil, Carinhoso, Brincalh\u00e3o, exige cuidados di\u00e1rios devido a problemas de pele.<\/td>\n<\/tr>\n<tr style=\"height: 24px;\">\n<td style=\"height: 24px; width: 138.026%;\">Castrado, Vacinado e Vermifugado.<\/td>\n<\/tr>\n<\/tbody>\n<\/table>\n<p>&nbsp;<\/p>\n","protected":false},"excerpt":{"rendered":"<p>&nbsp; &nbsp; Nome \u2297 ADOTADO \u2297 Neg\u00e3o Prontu\u00e1rio 215\/14 Ra\u00e7a SRD Esp\u00e9cie Canina Sexo Macho Cor Preto e Branco Pelagem Curta Porte M\u00e9dio Idade Adulto Outras Informa\u00e7\u00f5es D\u00f3cil, Carinhoso, Brincalh\u00e3o, exige cuidados di\u00e1rios devido a problemas de pele. Castrado, Vacinado e Vermifugado. &nbsp;<\/p>\n","protected":false},"author":4,"featured_media":2351,"comment_status":"closed","ping_status":"open","sticky":false,"template":"","format":"standard","meta":{"footnotes":""},"categories":[59],"tags":[80],"class_list":["post-1586","post","type-post","status-publish","format-standard","has-post-thumbnail","hentry","category-adotados","tag-adotado"],"rttpg_featured_image_url":{"full":["https:\/\/www3.santoandre.sp.gov.br\/gcz\/wp-content\/uploads\/2021\/11\/negao-1.png",596,417,false],"landscape":["https:\/\/www3.santoandre.sp.gov.br\/gcz\/wp-content\/uploads\/2021\/11\/negao-1.png",596,417,false],"portraits":["https:\/\/www3.santoandre.sp.gov.br\/gcz\/wp-content\/uploads\/2021\/11\/negao-1.png",596,417,false],"thumbnail":["https:\/\/www3.santoandre.sp.gov.br\/gcz\/wp-content\/uploads\/2021\/11\/negao-1-150x150.png",150,150,true],"medium":["https:\/\/www3.santoandre.sp.gov.br\/gcz\/wp-content\/uploads\/2021\/11\/negao-1-300x210.png",300,210,true],"large":["https:\/\/www3.santoandre.sp.gov.br\/gcz\/wp-content\/uploads\/2021\/11\/negao-1.png",596,417,false],"1536x1536":["https:\/\/www3.santoandre.sp.gov.br\/gcz\/wp-content\/uploads\/2021\/11\/negao-1.png",596,417,false],"2048x2048":["https:\/\/www3.santoandre.sp.gov.br\/gcz\/wp-content\/uploads\/2021\/11\/negao-1.png",596,417,false],"bard-slider-full-thumbnail":["https:\/\/www3.santoandre.sp.gov.br\/gcz\/wp-content\/uploads\/2021\/11\/negao-1.png",596,417,false],"bard-full-thumbnail":["https:\/\/www3.santoandre.sp.gov.br\/gcz\/wp-content\/uploads\/2021\/11\/negao-1.png",596,417,false],"bard-grid-thumbnail":["https:\/\/www3.santoandre.sp.gov.br\/gcz\/wp-content\/uploads\/2021\/11\/negao-1-500x380.png",500,380,true],"bard-list-thumbnail":["https:\/\/www3.santoandre.sp.gov.br\/gcz\/wp-content\/uploads\/2021\/11\/negao-1-300x300.png",300,300,true],"bard-single-navigation":["https:\/\/www3.santoandre.sp.gov.br\/gcz\/wp-content\/uploads\/2021\/11\/negao-1-75x75.png",75,75,true],"tlp-portfolio-thumb":["https:\/\/www3.santoandre.sp.gov.br\/gcz\/wp-content\/uploads\/2021\/11\/negao-1.png",350,245,false]},"rttpg_author":{"display_name":"LSERZEDELLO SANTO ANDRE","author_link":"https:\/\/www3.santoandre.sp.gov.br\/gcz\/index.php\/author\/acbsilva\/"},"rttpg_comment":0,"rttpg_category":"<a href=\"https:\/\/www3.santoandre.sp.gov.br\/gcz\/index.php\/category\/situacao\/adotados\/\" rel=\"category tag\">Adotados<\/a>","rttpg_excerpt":"&nbsp; &nbsp; Nome \u2297 ADOTADO \u2297 Neg\u00e3o Prontu\u00e1rio 215\/14 Ra\u00e7a SRD Esp\u00e9cie Canina Sexo Macho Cor Preto e Branco Pelagem Curta Porte M\u00e9dio Idade Adulto Outras Informa\u00e7\u00f5es D\u00f3cil, Carinhoso, Brincalh\u00e3o, exige cuidados di\u00e1rios devido a problemas de pele. Castrado, Vacinado e Vermifugado. &nbsp;","_links":{"self":[{"href":"https:\/\/www3.santoandre.sp.gov.br\/gcz\/index.php\/wp-json\/wp\/v2\/posts\/1586","targetHints":{"allow":["GET"]}}],"collection":[{"href":"https:\/\/www3.santoandre.sp.gov.br\/gcz\/index.php\/wp-json\/wp\/v2\/posts"}],"about":[{"href":"https:\/\/www3.santoandre.sp.gov.br\/gcz\/index.php\/wp-json\/wp\/v2\/types\/post"}],"author":[{"embeddable":true,"href":"https:\/\/www3.santoandre.sp.gov.br\/gcz\/index.php\/wp-json\/wp\/v2\/users\/4"}],"replies":[{"embeddable":true,"href":"https:\/\/www3.santoandre.sp.gov.br\/gcz\/index.php\/wp-json\/wp\/v2\/comments?post=1586"}],"version-history":[{"count":10,"href":"https:\/\/www3.santoandre.sp.gov.br\/gcz\/index.php\/wp-json\/wp\/v2\/posts\/1586\/revisions"}],"predecessor-version":[{"id":2536,"href":"https:\/\/www3.santoandre.sp.gov.br\/gcz\/index.php\/wp-json\/wp\/v2\/posts\/1586\/revisions\/2536"}],"wp:featuredmedia":[{"embeddable":true,"href":"https:\/\/www3.santoandre.sp.gov.br\/gcz\/index.php\/wp-json\/wp\/v2\/media\/2351"}],"wp:attachment":[{"href":"https:\/\/www3.santoandre.sp.gov.br\/gcz\/index.php\/wp-json\/wp\/v2\/media?parent=1586"}],"wp:term":[{"taxonomy":"category","embeddable":true,"href":"https:\/\/www3.santoandre.sp.gov.br\/gcz\/index.php\/wp-json\/wp\/v2\/categories?post=1586"},{"taxonomy":"post_tag","embeddable":true,"href":"https:\/\/www3.santoandre.sp.gov.br\/gcz\/index.php\/wp-json\/wp\/v2\/tags?post=1586"}],"curies":[{"name":"wp","href":"https:\/\/api.w.org\/{rel}","templated":true}]}}