{"id":1013,"date":"2020-05-19T10:39:53","date_gmt":"2020-05-19T13:39:53","guid":{"rendered":"https:\/\/www3.santoandre.sp.gov.br\/gcz\/?p=1013"},"modified":"2025-02-18T16:21:17","modified_gmt":"2025-02-18T19:21:17","slug":"tobby","status":"publish","type":"post","link":"https:\/\/www3.santoandre.sp.gov.br\/gcz\/index.php\/2020\/05\/19\/tobby\/","title":{"rendered":"\u2297\u00a0ADOTADO \u2297 Tobby"},"content":{"rendered":"<p><img loading=\"lazy\" decoding=\"async\" class=\"alignnone wp-image-1100\" src=\"https:\/\/www3.santoandre.sp.gov.br\/gcz\/wp-content\/uploads\/2020\/05\/IMG-20200519-WA0046-272x300.jpg\" alt=\"\" width=\"503\" height=\"555\" srcset=\"https:\/\/www3.santoandre.sp.gov.br\/gcz\/wp-content\/uploads\/2020\/05\/IMG-20200519-WA0046-272x300.jpg 272w, https:\/\/www3.santoandre.sp.gov.br\/gcz\/wp-content\/uploads\/2020\/05\/IMG-20200519-WA0046-768x848.jpg 768w, https:\/\/www3.santoandre.sp.gov.br\/gcz\/wp-content\/uploads\/2020\/05\/IMG-20200519-WA0046.jpg 869w\" sizes=\"auto, (max-width: 503px) 100vw, 503px\" \/>\u00a0 \u00a0 \u00a0 \u00a0 \u00a0 \u00a0 \u00a0 \u00a0<img loading=\"lazy\" decoding=\"async\" class=\"alignnone wp-image-1064\" src=\"https:\/\/www3.santoandre.sp.gov.br\/gcz\/wp-content\/uploads\/2020\/05\/IMG-20200519-WA0056-1-300x252.jpg\" alt=\"\" width=\"619\" height=\"520\" srcset=\"https:\/\/www3.santoandre.sp.gov.br\/gcz\/wp-content\/uploads\/2020\/05\/IMG-20200519-WA0056-1-300x252.jpg 300w, https:\/\/www3.santoandre.sp.gov.br\/gcz\/wp-content\/uploads\/2020\/05\/IMG-20200519-WA0056-1-768x646.jpg 768w, https:\/\/www3.santoandre.sp.gov.br\/gcz\/wp-content\/uploads\/2020\/05\/IMG-20200519-WA0056-1.jpg 869w\" sizes=\"auto, (max-width: 619px) 100vw, 619px\" \/><\/p>\n<p>&nbsp;<\/p>\n<p>&nbsp;<\/p>\n<table style=\"width: 88.1437%; height: 290px;\">\n<tbody>\n<tr style=\"height: 24px;\">\n<td style=\"width: 24.1554%; height: 24px;\" width=\"140\"><strong>Nome<\/strong><\/td>\n<td style=\"width: 111.629%; height: 24px;\" width=\"437\">\u2297 ADOTADO \u2297 Tobby<\/td>\n<\/tr>\n<tr style=\"height: 24px;\">\n<td style=\"width: 24.1554%; height: 24px;\" width=\"140\"><strong>Prontu\u00e1rio<\/strong><\/td>\n<td style=\"width: 111.629%; height: 24px;\" width=\"437\">417\/19<\/td>\n<\/tr>\n<tr style=\"height: 24px;\">\n<td style=\"width: 24.1554%; height: 24px;\" width=\"140\"><strong>Ra\u00e7a<\/strong><\/td>\n<td style=\"width: 111.629%; height: 24px;\" width=\"437\">Cocker<\/td>\n<\/tr>\n<tr style=\"height: 24px;\">\n<td style=\"width: 24.1554%; height: 24px;\" width=\"140\"><strong>Esp\u00e9cie<\/strong><\/td>\n<td style=\"width: 111.629%; height: 24px;\" width=\"437\">Canina<\/td>\n<\/tr>\n<tr style=\"height: 24px;\">\n<td style=\"width: 24.1554%; height: 24px;\" width=\"140\"><strong>Sexo<\/strong><\/td>\n<td style=\"width: 111.629%; height: 24px;\" width=\"437\">Macho<\/td>\n<\/tr>\n<tr style=\"height: 24px;\">\n<td style=\"width: 24.1554%; height: 24px;\" width=\"140\"><strong>Cor<\/strong><\/td>\n<td style=\"width: 111.629%; height: 24px;\" width=\"437\">Bege<\/td>\n<\/tr>\n<tr style=\"height: 24px;\">\n<td style=\"width: 24.1554%; height: 24px;\" width=\"140\"><strong>Pelagem<\/strong><\/td>\n<td style=\"width: 111.629%; height: 24px;\" width=\"437\">Media<\/td>\n<\/tr>\n<tr style=\"height: 24px;\">\n<td style=\"width: 24.1554%; height: 24px;\" width=\"140\"><strong>Porte<\/strong><\/td>\n<td style=\"width: 111.629%; height: 24px;\" width=\"437\">M\u00e9dio<\/td>\n<\/tr>\n<tr style=\"height: 24px;\">\n<td style=\"width: 24.1554%; height: 24px;\" width=\"140\"><strong>Idade<\/strong><\/td>\n<td style=\"width: 111.629%; height: 24px;\" width=\"437\">Adulta<\/td>\n<\/tr>\n<tr style=\"height: 74px;\">\n<td style=\"width: 24.1554%; height: 74px;\" width=\"140\"><strong>Outras informa\u00e7\u00f5es<\/strong><\/td>\n<td style=\"width: 111.629%; height: 74px;\" width=\"437\">Super d\u00f3cil, adora brincar, carinhoso, aceita coleira para passeio,<\/p>\n<p>e outros animais.<\/p>\n<p>Castrado, vacinado e vermifugado.<\/td>\n<\/tr>\n<\/tbody>\n<\/table>\n","protected":false},"excerpt":{"rendered":"<p>\u00a0 \u00a0 \u00a0 \u00a0 \u00a0 \u00a0 \u00a0 \u00a0 &nbsp; &nbsp; Nome \u2297 ADOTADO \u2297 Tobby Prontu\u00e1rio 417\/19 Ra\u00e7a Cocker Esp\u00e9cie Canina Sexo Macho Cor Bege Pelagem Media Porte M\u00e9dio Idade Adulta Outras informa\u00e7\u00f5es Super d\u00f3cil, adora brincar, carinhoso, aceita coleira para passeio, e outros animais. Castrado, vacinado e vermifugado.<\/p>\n","protected":false},"author":4,"featured_media":1100,"comment_status":"closed","ping_status":"open","sticky":false,"template":"","format":"standard","meta":{"footnotes":""},"categories":[59],"tags":[80],"class_list":["post-1013","post","type-post","status-publish","format-standard","has-post-thumbnail","hentry","category-adotados","tag-adotado"],"rttpg_featured_image_url":{"full":["https:\/\/www3.santoandre.sp.gov.br\/gcz\/wp-content\/uploads\/2020\/05\/IMG-20200519-WA0046.jpg",869,960,false],"landscape":["https:\/\/www3.santoandre.sp.gov.br\/gcz\/wp-content\/uploads\/2020\/05\/IMG-20200519-WA0046.jpg",869,960,false],"portraits":["https:\/\/www3.santoandre.sp.gov.br\/gcz\/wp-content\/uploads\/2020\/05\/IMG-20200519-WA0046.jpg",869,960,false],"thumbnail":["https:\/\/www3.santoandre.sp.gov.br\/gcz\/wp-content\/uploads\/2020\/05\/IMG-20200519-WA0046-150x150.jpg",150,150,true],"medium":["https:\/\/www3.santoandre.sp.gov.br\/gcz\/wp-content\/uploads\/2020\/05\/IMG-20200519-WA0046-272x300.jpg",272,300,true],"large":["https:\/\/www3.santoandre.sp.gov.br\/gcz\/wp-content\/uploads\/2020\/05\/IMG-20200519-WA0046.jpg",869,960,false],"1536x1536":["https:\/\/www3.santoandre.sp.gov.br\/gcz\/wp-content\/uploads\/2020\/05\/IMG-20200519-WA0046.jpg",869,960,false],"2048x2048":["https:\/\/www3.santoandre.sp.gov.br\/gcz\/wp-content\/uploads\/2020\/05\/IMG-20200519-WA0046.jpg",869,960,false],"bard-slider-full-thumbnail":["https:\/\/www3.santoandre.sp.gov.br\/gcz\/wp-content\/uploads\/2020\/05\/IMG-20200519-WA0046-869x540.jpg",869,540,true],"bard-full-thumbnail":["https:\/\/www3.santoandre.sp.gov.br\/gcz\/wp-content\/uploads\/2020\/05\/IMG-20200519-WA0046.jpg",869,960,false],"bard-grid-thumbnail":["https:\/\/www3.santoandre.sp.gov.br\/gcz\/wp-content\/uploads\/2020\/05\/IMG-20200519-WA0046-500x380.jpg",500,380,true],"bard-list-thumbnail":["https:\/\/www3.santoandre.sp.gov.br\/gcz\/wp-content\/uploads\/2020\/05\/IMG-20200519-WA0046-300x300.jpg",300,300,true],"bard-single-navigation":["https:\/\/www3.santoandre.sp.gov.br\/gcz\/wp-content\/uploads\/2020\/05\/IMG-20200519-WA0046-75x75.jpg",75,75,true],"tlp-portfolio-thumb":["https:\/\/www3.santoandre.sp.gov.br\/gcz\/wp-content\/uploads\/2020\/05\/IMG-20200519-WA0046.jpg",226,250,false]},"rttpg_author":{"display_name":"LSERZEDELLO SANTO ANDRE","author_link":"https:\/\/www3.santoandre.sp.gov.br\/gcz\/index.php\/author\/acbsilva\/"},"rttpg_comment":0,"rttpg_category":"<a href=\"https:\/\/www3.santoandre.sp.gov.br\/gcz\/index.php\/category\/situacao\/adotados\/\" rel=\"category tag\">Adotados<\/a>","rttpg_excerpt":"\u00a0 \u00a0 \u00a0 \u00a0 \u00a0 \u00a0 \u00a0 \u00a0 &nbsp; &nbsp; Nome \u2297 ADOTADO \u2297 Tobby Prontu\u00e1rio 417\/19 Ra\u00e7a Cocker Esp\u00e9cie Canina Sexo Macho Cor Bege Pelagem Media Porte M\u00e9dio Idade Adulta Outras informa\u00e7\u00f5es Super d\u00f3cil, adora brincar, carinhoso, aceita coleira para passeio, e outros animais. Castrado, vacinado e vermifugado.","_links":{"self":[{"href":"https:\/\/www3.santoandre.sp.gov.br\/gcz\/index.php\/wp-json\/wp\/v2\/posts\/1013","targetHints":{"allow":["GET"]}}],"collection":[{"href":"https:\/\/www3.santoandre.sp.gov.br\/gcz\/index.php\/wp-json\/wp\/v2\/posts"}],"about":[{"href":"https:\/\/www3.santoandre.sp.gov.br\/gcz\/index.php\/wp-json\/wp\/v2\/types\/post"}],"author":[{"embeddable":true,"href":"https:\/\/www3.santoandre.sp.gov.br\/gcz\/index.php\/wp-json\/wp\/v2\/users\/4"}],"replies":[{"embeddable":true,"href":"https:\/\/www3.santoandre.sp.gov.br\/gcz\/index.php\/wp-json\/wp\/v2\/comments?post=1013"}],"version-history":[{"count":13,"href":"https:\/\/www3.santoandre.sp.gov.br\/gcz\/index.php\/wp-json\/wp\/v2\/posts\/1013\/revisions"}],"predecessor-version":[{"id":2521,"href":"https:\/\/www3.santoandre.sp.gov.br\/gcz\/index.php\/wp-json\/wp\/v2\/posts\/1013\/revisions\/2521"}],"wp:featuredmedia":[{"embeddable":true,"href":"https:\/\/www3.santoandre.sp.gov.br\/gcz\/index.php\/wp-json\/wp\/v2\/media\/1100"}],"wp:attachment":[{"href":"https:\/\/www3.santoandre.sp.gov.br\/gcz\/index.php\/wp-json\/wp\/v2\/media?parent=1013"}],"wp:term":[{"taxonomy":"category","embeddable":true,"href":"https:\/\/www3.santoandre.sp.gov.br\/gcz\/index.php\/wp-json\/wp\/v2\/categories?post=1013"},{"taxonomy":"post_tag","embeddable":true,"href":"https:\/\/www3.santoandre.sp.gov.br\/gcz\/index.php\/wp-json\/wp\/v2\/tags?post=1013"}],"curies":[{"name":"wp","href":"https:\/\/api.w.org\/{rel}","templated":true}]}}