
{"id":70983,"date":"2026-04-23T15:24:25","date_gmt":"2026-04-23T18:24:25","guid":{"rendered":"https:\/\/www3.santoandre.sp.gov.br\/cultura\/?p=70983"},"modified":"2026-04-29T14:00:31","modified_gmt":"2026-04-29T17:00:31","slug":"santo-andre-recebe-espetaculo-sobre-fome-racismo-e-existencia-negra-2","status":"publish","type":"post","link":"https:\/\/www3.santoandre.sp.gov.br\/cultura\/2026\/04\/23\/santo-andre-recebe-espetaculo-sobre-fome-racismo-e-existencia-negra-2\/","title":{"rendered":"Santo Andr\u00e9 recebe espet\u00e1culo sobre fome, racismo e exist\u00eancia negra"},"content":{"rendered":"\n<p><em>Pe\u00e7a \u2018Se as comidas dos folhetos fossem comest\u00edveis\u2019 ser\u00e1 apresentada no Centro Art\u00edstico de Santo Andr\u00e9; ingressos gratuitos est\u00e3o dispon\u00edveis na plataforma Sympla<\/em><\/p>\n\n\n\n<p>Santo Andr\u00e9, 23 de abril de 2026 &#8211; A Casa (Centro Art\u00edstico de Santo Andr\u00e9) abre suas portas para uma experi\u00eancia teatral intensa e provocadora. Nesta sexta-feira (24), \u00e0s 20h, o equipamento recebe, por meio do projeto Okupa Cultura, o espet\u00e1culo \u2018Se as comidas dos folhetos fossem comest\u00edveis\u2019, obra que aborda quest\u00f5es urgentes da sociedade brasileira a partir de uma narrativa po\u00e9tica e contundente. Os ingressos s\u00e3o gratuitos e est\u00e3o dispon\u00edveis na plataforma Sympla. O endere\u00e7o \u00e9 Avenida Industrial, 1.740, no bairro Jardim.<\/p>\n\n\n\n<p>A montagem apresenta a hist\u00f3ria de dois jovens irm\u00e3os negros, g\u00eameos n\u00e3o-id\u00eanticos, confinados em uma cozinha desativada. Cercados por talheres, panelas e folhetos de supermercado, eles exp\u00f5em suas dores, desejos e reflex\u00f5es sobre a viol\u00eancia estrutural \u2013 muitas vezes silenciosa \u2013 que atravessa seus corpos e trajet\u00f3rias. Em meio \u00e0 fome f\u00edsica e existencial, surge a pergunta central: h\u00e1 espa\u00e7o para que esses corpos existam para al\u00e9m da sobreviv\u00eancia?<\/p>\n\n\n\n<p>Com dramaturgia e atua\u00e7\u00e3o de Sid Lima e dire\u00e7\u00e3o de Carlos Sobrinho, o espet\u00e1culo utiliza o ambiente claustrof\u00f3bico como met\u00e1fora das estruturas sociais que historicamente confinam e invisibilizam popula\u00e7\u00f5es negras e perif\u00e9ricas. A encena\u00e7\u00e3o constr\u00f3i um universo simb\u00f3lico potente, onde a cozinha \u2013 lugar associado ao trabalho invis\u00edvel e ao descarte \u2013 se transforma em palco de resist\u00eancia e questionamento.<\/p>\n\n\n\n<p>\u201cQuisemos criar um ambiente que fosse, ao mesmo tempo, concreto e simb\u00f3lico. A cozinha desativada representa o descarte, o lugar do trabalho invis\u00edvel, e \u00e9 dentro dela que esses dois corpos resistem e questionam seu lugar no mundo\u201d, afirma o diretor Carlos Sobrinho. J\u00e1 o autor e ator Sid Lima destaca que a obra busca evidenciar n\u00e3o apenas as marcas de um passado violento, mas a continuidade dessas estruturas no presente.<\/p>\n\n\n\n<p>A apresenta\u00e7\u00e3o integra a programa\u00e7\u00e3o do Okupa Cultura, iniciativa da Prefeitura de Santo Andr\u00e9, por meio da Secretaria de Cultura, que amplia o acesso \u00e0s artes e fortalece a ocupa\u00e7\u00e3o de espa\u00e7os culturais na cidade.&nbsp;<\/p>\n\n\n\n<p>Servi\u00e7o<br><strong>Espet\u00e1culo \u2018Se as comidas dos folhetos fossem comest\u00edveis\u2019<\/strong><\/p>\n\n\n\n<p>Data: 24\/4 (sexta-feira)<\/p>\n\n\n\n<p>Hor\u00e1rio: 20h<\/p>\n\n\n\n<p>Dura\u00e7\u00e3o: 70 minutos<\/p>\n\n\n\n<p>Local: A Casa (Centro Art\u00edstico de Santo Andr\u00e9) &#8211; Avenida Industrial, 1.740 &#8211; Bairro Jardim (estacionamento no local)<\/p>\n\n\n\n<p>Classifica\u00e7\u00e3o indicativa: 14 anos<\/p>\n\n\n\n<p>Ingressos gratuitos \u2013 retirada via Sympla: <a href=\"https:\/\/www.sympla.com.br\/evento\/se-as-comidas-dos-folhetos-fossem-comestiveis\/3362225?algoliaID=8b8ab371af1dde0b5fb96dbee1d94886\">https:\/\/www.sympla.com.br\/evento\/se-as-comidas-dos-folhetos-fossem-comestiveis\/3362225?algoliaID=8b8ab371af1dde0b5fb96dbee1d94886<\/a> -| Texto: Daniela Mian&nbsp; &nbsp; &nbsp; &nbsp; &nbsp;<\/p>\n","protected":false},"excerpt":{"rendered":"<p>Pe\u00e7a \u2018Se as comidas dos folhetos fossem comest\u00edveis\u2019 ser\u00e1 apresentada no Centro Art\u00edstico de Santo Andr\u00e9; ingressos gratuitos est\u00e3o dispon\u00edveis na plataforma Sympla Santo Andr\u00e9, 23 de abril de 2026 &#8211; A Casa (Centro Art\u00edstico de Santo Andr\u00e9) abre suas portas para uma experi\u00eancia teatral intensa e provocadora. Nesta sexta-feira (24), \u00e0s 20h, o equipamento&hellip;<\/p>\n","protected":false},"author":6,"featured_media":70985,"comment_status":"closed","ping_status":"open","sticky":false,"template":"","format":"standard","meta":{"_jetpack_memberships_contains_paid_content":false,"footnotes":"","jetpack_publicize_message":"","jetpack_publicize_feature_enabled":true,"jetpack_social_post_already_shared":true,"jetpack_social_options":{"image_generator_settings":{"template":"highway","default_image_id":0,"font":"","enabled":false},"version":2}},"categories":[6,1],"tags":[],"class_list":["post-70983","post","type-post","status-publish","format-standard","has-post-thumbnail","hentry","category-noticias","category-sem-categoria"],"jetpack_publicize_connections":[],"jetpack_featured_media_url":"https:\/\/www3.santoandre.sp.gov.br\/cultura\/wp-content\/uploads\/2026\/04\/\u2018Se-as-comidas-dos-folhetos-fossem-comestiveis-4.jpeg","jetpack_sharing_enabled":true,"_links":{"self":[{"href":"https:\/\/www3.santoandre.sp.gov.br\/cultura\/wp-json\/wp\/v2\/posts\/70983","targetHints":{"allow":["GET"]}}],"collection":[{"href":"https:\/\/www3.santoandre.sp.gov.br\/cultura\/wp-json\/wp\/v2\/posts"}],"about":[{"href":"https:\/\/www3.santoandre.sp.gov.br\/cultura\/wp-json\/wp\/v2\/types\/post"}],"author":[{"embeddable":true,"href":"https:\/\/www3.santoandre.sp.gov.br\/cultura\/wp-json\/wp\/v2\/users\/6"}],"replies":[{"embeddable":true,"href":"https:\/\/www3.santoandre.sp.gov.br\/cultura\/wp-json\/wp\/v2\/comments?post=70983"}],"version-history":[{"count":1,"href":"https:\/\/www3.santoandre.sp.gov.br\/cultura\/wp-json\/wp\/v2\/posts\/70983\/revisions"}],"predecessor-version":[{"id":70987,"href":"https:\/\/www3.santoandre.sp.gov.br\/cultura\/wp-json\/wp\/v2\/posts\/70983\/revisions\/70987"}],"wp:featuredmedia":[{"embeddable":true,"href":"https:\/\/www3.santoandre.sp.gov.br\/cultura\/wp-json\/wp\/v2\/media\/70985"}],"wp:attachment":[{"href":"https:\/\/www3.santoandre.sp.gov.br\/cultura\/wp-json\/wp\/v2\/media?parent=70983"}],"wp:term":[{"taxonomy":"category","embeddable":true,"href":"https:\/\/www3.santoandre.sp.gov.br\/cultura\/wp-json\/wp\/v2\/categories?post=70983"},{"taxonomy":"post_tag","embeddable":true,"href":"https:\/\/www3.santoandre.sp.gov.br\/cultura\/wp-json\/wp\/v2\/tags?post=70983"}],"curies":[{"name":"wp","href":"https:\/\/api.w.org\/{rel}","templated":true}]}}