
{"id":70980,"date":"2026-04-24T14:55:42","date_gmt":"2026-04-24T17:55:42","guid":{"rendered":"https:\/\/www3.santoandre.sp.gov.br\/cultura\/?p=70980"},"modified":"2026-04-28T15:00:32","modified_gmt":"2026-04-28T18:00:32","slug":"ana-canas-apresenta-show-em-homenagem-a-rita-lee-no-parque-central","status":"publish","type":"post","link":"https:\/\/www3.santoandre.sp.gov.br\/cultura\/2026\/04\/24\/ana-canas-apresenta-show-em-homenagem-a-rita-lee-no-parque-central\/","title":{"rendered":"Ana Ca\u00f1as apresenta show em homenagem a Rita Lee no Parque Central"},"content":{"rendered":"\n<p><em>Espet\u00e1culo faz parte da programa\u00e7\u00e3o de anivers\u00e1rio de 473 anos de Santo Andr\u00e9<\/em><\/p>\n\n\n\n<p>Santo Andr\u00e9, 24 de abril de 2026 &#8211; Uma das maiores revela\u00e7\u00f5es da moderna MPB, a cantora Ana Ca\u00f1as apresenta no palco do Parque Central, gratuitamente, o seu novo show Rita Total, \u00e0s 17h deste domingo (26). No espet\u00e1culo, que faz parte da programa\u00e7\u00e3o de anivers\u00e1rio dos 473 anos de Santo Andr\u00e9, Ana Ca\u00f1as celebra o legado de Rita Lee. Pede-se apenas a doa\u00e7\u00e3o de 2 kg de alimentos n\u00e3o perec\u00edveis. O espet\u00e1culo \u00e9 uma realiza\u00e7\u00e3o do Sesc em parceria com a Prefeitura.<\/p>\n\n\n\n<p>Entre os grandes sucessos que figuram no repert\u00f3rio, est\u00e3o &#8220;Coisas da Vida&#8221;, &#8220;Esse Tal de Roque Enrow&#8221;, &#8220;Balada do Louco&#8221; e &#8220;Jardins da Babil\u00f4nia&#8221;, em roteiro que caminha pela passagem de Rita pelos Mutantes, os discos com a Tutti-Frutti e a parceria com Roberto de Carvalho. O resultado da uni\u00e3o dessas duas pot\u00eancias femininas resultou em um show vibrante e divertido, mas sem deixar de lado a emo\u00e7\u00e3o. A apresenta\u00e7\u00e3o conecta gera\u00e7\u00f5es em uma homenagem apaixonada \u00e0 maior compositora brasileira de todos os tempos.&nbsp;<\/p>\n\n\n\n<p>\u201cO repert\u00f3rio \u00e9 fabuloso e acredito poder realizar um trabalho que a respeite profundamente, mas que tamb\u00e9m traga vers\u00f5es sutilmente diferentes, porque os conte\u00fados s\u00e3o extremamente atuais e relevantes. Faz sentido rel\u00ea-la e estou amando essa ideia com todas as minhas for\u00e7as\u201d, diz Ana Ca\u00f1as.<\/p>\n\n\n\n<p>Irrever\u00eancia, ousadia, liberdade, carisma, coragem e autenticidade s\u00e3o pilares de personalidade que unem Ana e Rita em atitude, e essas caracter\u00edsticas t\u00e3o marcantes se refletem no palco e na percep\u00e7\u00e3o do p\u00fablico sobre o show.&nbsp;<\/p>\n\n\n\n<p>Seu projeto anterior, focado na obra do cantor Belchior, lan\u00e7ado em 2021, rendeu um Grammy Latino de Melhor \u00c1lbum de M\u00fasica Popular Brasileira.<\/p>\n\n\n\n<p><strong>Outras atra\u00e7\u00f5es &#8211; <\/strong>A programa\u00e7\u00e3o cultural no Parque Central neste domingo, no entanto, come\u00e7ar\u00e1 \u00e0s 10h, quando ter\u00e3o in\u00edcio as atividades recreativas do projeto Mais Lazer. A presen\u00e7a dos empreendedores criativos da Feira Multicultural, com a comercializa\u00e7\u00e3o de itens de moda, artesanato, artes pl\u00e1sticas e gastronomia, ter\u00e1 in\u00edcio \u00e0s 11h.&nbsp;<\/p>\n\n\n\n<p>\u00c9 justamente \u00e0s 11h que tem in\u00edcio a apresenta\u00e7\u00e3o da Orquestra Sinf\u00f4nica de Santo Andr\u00e9, com o concerto &#8220;Divas do Pop&#8221;. Nesse concerto especial de anivers\u00e1rio da cidade, a Sinf\u00f4nica andreense vai interpretar sucessos de cantoras como Madonna, Lady Gaga, Adele e Beyonc\u00e9, entre outras.<strong>Anivers\u00e1rio &#8211;<\/strong> As atra\u00e7\u00f5es do anivers\u00e1rio de Santo Andr\u00e9 t\u00eam patroc\u00ednio da Aesa e copatroc\u00ednio de Coop, Suzantur e Grand Plaza Shopping. A realiza\u00e7\u00e3o \u00e9 da Youp, com apoio institucional do Fundo Social de Solidariedade, do Banco de Alimentos e da Prefeitura de Santo Andr\u00e9. A programa\u00e7\u00e3o segue at\u00e9 3 de maio e est\u00e1 dispon\u00edvel no site&nbsp;<a href=\"http:\/\/www.santoandre473anos.com.br.\">www.santoandre473anos.com.br<\/a>.<br><br>Servi\u00e7o:<br><strong>Ana Ca\u00f1as canta Rita Lee &#8211; show Rita Total<br><\/strong>Data: 26\/4 (domingo)<br>Hor\u00e1rio: 17h<br>Local: Parque Central<br>Endere\u00e7o: Rua Jos\u00e9 Bonif\u00e1cio, s\/n &#8211; Vila Assun\u00e7\u00e3o<br>Entrada gratuita &#8211; 2 kg de alimentos n\u00e3o perec\u00edveis<br><br>-| Texto: Paola Zanei&nbsp; &nbsp; &nbsp;<\/p>\n","protected":false},"excerpt":{"rendered":"<p>Espet\u00e1culo faz parte da programa\u00e7\u00e3o de anivers\u00e1rio de 473 anos de Santo Andr\u00e9 Santo Andr\u00e9, 24 de abril de 2026 &#8211; Uma das maiores revela\u00e7\u00f5es da moderna MPB, a cantora Ana Ca\u00f1as apresenta no palco do Parque Central, gratuitamente, o seu novo show Rita Total, \u00e0s 17h deste domingo (26). No espet\u00e1culo, que faz parte&hellip;<\/p>\n","protected":false},"author":6,"featured_media":70981,"comment_status":"closed","ping_status":"open","sticky":false,"template":"","format":"standard","meta":{"_jetpack_memberships_contains_paid_content":false,"footnotes":"","jetpack_publicize_message":"","jetpack_publicize_feature_enabled":true,"jetpack_social_post_already_shared":true,"jetpack_social_options":{"image_generator_settings":{"template":"highway","default_image_id":0,"font":"","enabled":false},"version":2}},"categories":[6],"tags":[],"class_list":["post-70980","post","type-post","status-publish","format-standard","has-post-thumbnail","hentry","category-noticias"],"jetpack_publicize_connections":[],"jetpack_featured_media_url":"https:\/\/www3.santoandre.sp.gov.br\/cultura\/wp-content\/uploads\/2026\/04\/Ana-Canas-Foto-Marcus-Steinmeyer-1.jpeg","jetpack_sharing_enabled":true,"_links":{"self":[{"href":"https:\/\/www3.santoandre.sp.gov.br\/cultura\/wp-json\/wp\/v2\/posts\/70980","targetHints":{"allow":["GET"]}}],"collection":[{"href":"https:\/\/www3.santoandre.sp.gov.br\/cultura\/wp-json\/wp\/v2\/posts"}],"about":[{"href":"https:\/\/www3.santoandre.sp.gov.br\/cultura\/wp-json\/wp\/v2\/types\/post"}],"author":[{"embeddable":true,"href":"https:\/\/www3.santoandre.sp.gov.br\/cultura\/wp-json\/wp\/v2\/users\/6"}],"replies":[{"embeddable":true,"href":"https:\/\/www3.santoandre.sp.gov.br\/cultura\/wp-json\/wp\/v2\/comments?post=70980"}],"version-history":[{"count":1,"href":"https:\/\/www3.santoandre.sp.gov.br\/cultura\/wp-json\/wp\/v2\/posts\/70980\/revisions"}],"predecessor-version":[{"id":70982,"href":"https:\/\/www3.santoandre.sp.gov.br\/cultura\/wp-json\/wp\/v2\/posts\/70980\/revisions\/70982"}],"wp:featuredmedia":[{"embeddable":true,"href":"https:\/\/www3.santoandre.sp.gov.br\/cultura\/wp-json\/wp\/v2\/media\/70981"}],"wp:attachment":[{"href":"https:\/\/www3.santoandre.sp.gov.br\/cultura\/wp-json\/wp\/v2\/media?parent=70980"}],"wp:term":[{"taxonomy":"category","embeddable":true,"href":"https:\/\/www3.santoandre.sp.gov.br\/cultura\/wp-json\/wp\/v2\/categories?post=70980"},{"taxonomy":"post_tag","embeddable":true,"href":"https:\/\/www3.santoandre.sp.gov.br\/cultura\/wp-json\/wp\/v2\/tags?post=70980"}],"curies":[{"name":"wp","href":"https:\/\/api.w.org\/{rel}","templated":true}]}}