
{"id":70974,"date":"2026-04-23T12:48:49","date_gmt":"2026-04-23T15:48:49","guid":{"rendered":"https:\/\/www3.santoandre.sp.gov.br\/cultura\/?p=70974"},"modified":"2026-04-24T12:52:24","modified_gmt":"2026-04-24T15:52:24","slug":"coletivo-teatro-da-conspiracao-celebra-26-anos-com-lancamento-de-livro-em-santo-andre","status":"publish","type":"post","link":"https:\/\/www3.santoandre.sp.gov.br\/cultura\/2026\/04\/23\/coletivo-teatro-da-conspiracao-celebra-26-anos-com-lancamento-de-livro-em-santo-andre\/","title":{"rendered":"Coletivo Teatro da Conspira\u00e7\u00e3o celebra 26 anos com lan\u00e7amento de livro em Santo Andr\u00e9"},"content":{"rendered":"\n<p><em>Evento ocorre no Cine Theatro Carlos Gomes nesta sexta-feira, \u00e0s 19h30, com entrada gratuita<\/em><\/p>\n\n\n\n<p>Santo Andr\u00e9, 23 de abril de 2026 &#8211; Em celebra\u00e7\u00e3o aos seus 26 anos de trajet\u00f3ria, o Teatro da Conspira\u00e7\u00e3o escolheu as depend\u00eancias do Cine Theatro Carlos Gomes, em Santo Andr\u00e9, para lan\u00e7ar o livro \u201c3 pe\u00e7as de Solange Dias\u201d, que re\u00fane os textos \u201cA Doce Flor da Solid\u00e3o\u201d, \u201cDassanta\u201d e \u201cCantos Perif\u00e9ricos\u201d, obras encenadas pelo grupo ao longo de sua hist\u00f3ria. Com entrada gratuita, o evento que ocorre nesta sexta-feira (24), \u00e0s 19h30, ter\u00e1 arrecada\u00e7\u00e3o de 2 kg de alimentos.<\/p>\n\n\n\n<p>Reconhecido pela cria\u00e7\u00e3o de uma dramaturgia original, o coletivo andreense tem se destacado pela produ\u00e7\u00e3o de espet\u00e1culos que abordam temas sociais, pol\u00edticos e hist\u00f3ricos, com rigor t\u00e9cnico e profundo engajamento art\u00edstico.<\/p>\n\n\n\n<p>A publica\u00e7\u00e3o, da editora Cl\u00f3e, de Diadema, financiado pelo Fundo Municipal de Cultura de Santo Andr\u00e9, reafirma a import\u00e2ncia do acesso \u00e0 dramaturgia brasileira contempor\u00e2nea e valoriza a mem\u00f3ria c\u00eanica do ABC.<\/p>\n\n\n\n<p>Servi\u00e7o:<\/p>\n\n\n\n<p><strong>Lan\u00e7amento do livro \u201c3 pe\u00e7as de Solange Dias\u201d<\/strong><\/p>\n\n\n\n<p>Data: 24\/4 (sexta-feira)&nbsp;&nbsp;&nbsp;<\/p>\n\n\n\n<p>Hor\u00e1rio: 19h30&nbsp;&nbsp;&nbsp;&nbsp;&nbsp;&nbsp;&nbsp;&nbsp;<\/p>\n\n\n\n<p>Local: Cine Theatro de Variedades Carlos Gomes&nbsp;<\/p>\n\n\n\n<p>Endere\u00e7o: Rua Senador Fl\u00e1quer, 110 &#8211; Centro &#8211; Santo Andr\u00e9&nbsp;&nbsp; &nbsp;&nbsp;&nbsp;<\/p>\n\n\n\n<p>Entrada gratuita<\/p>\n\n\n\n<p>Ficha t\u00e9cnica:<\/p>\n\n\n\n<p>Autora: Solange Dias<\/p>\n\n\n\n<p>Montagem de luz e equipamento de proje\u00e7\u00e3o: C\u00e1ssio Castelan e Mauro Martorelli Integrantes do Teatro da Conspira\u00e7\u00e3o: Alessandra Moreira, Ant\u00f4nio Correa Neto, C\u00e1ssio Castelan, Denise Guilherme, Marcio Ribeiro e Mauro Martorelli<br><br>-| Texto: Caroline Terzi&nbsp; &nbsp; &nbsp;<\/p>\n","protected":false},"excerpt":{"rendered":"<p>Evento ocorre no Cine Theatro Carlos Gomes nesta sexta-feira, \u00e0s 19h30, com entrada gratuita Santo Andr\u00e9, 23 de abril de 2026 &#8211; Em celebra\u00e7\u00e3o aos seus 26 anos de trajet\u00f3ria, o Teatro da Conspira\u00e7\u00e3o escolheu as depend\u00eancias do Cine Theatro Carlos Gomes, em Santo Andr\u00e9, para lan\u00e7ar o livro \u201c3 pe\u00e7as de Solange Dias\u201d, que&hellip;<\/p>\n","protected":false},"author":6,"featured_media":70975,"comment_status":"closed","ping_status":"open","sticky":false,"template":"","format":"standard","meta":{"_jetpack_memberships_contains_paid_content":false,"footnotes":"","jetpack_publicize_message":"","jetpack_publicize_feature_enabled":true,"jetpack_social_post_already_shared":true,"jetpack_social_options":{"image_generator_settings":{"template":"highway","default_image_id":0,"font":"","enabled":false},"version":2}},"categories":[6],"tags":[],"class_list":["post-70974","post","type-post","status-publish","format-standard","has-post-thumbnail","hentry","category-noticias"],"jetpack_publicize_connections":[],"jetpack_featured_media_url":"https:\/\/www3.santoandre.sp.gov.br\/cultura\/wp-content\/uploads\/2026\/04\/Dassanta_Foto_Divulgacao-1.jpeg","jetpack_sharing_enabled":true,"_links":{"self":[{"href":"https:\/\/www3.santoandre.sp.gov.br\/cultura\/wp-json\/wp\/v2\/posts\/70974","targetHints":{"allow":["GET"]}}],"collection":[{"href":"https:\/\/www3.santoandre.sp.gov.br\/cultura\/wp-json\/wp\/v2\/posts"}],"about":[{"href":"https:\/\/www3.santoandre.sp.gov.br\/cultura\/wp-json\/wp\/v2\/types\/post"}],"author":[{"embeddable":true,"href":"https:\/\/www3.santoandre.sp.gov.br\/cultura\/wp-json\/wp\/v2\/users\/6"}],"replies":[{"embeddable":true,"href":"https:\/\/www3.santoandre.sp.gov.br\/cultura\/wp-json\/wp\/v2\/comments?post=70974"}],"version-history":[{"count":1,"href":"https:\/\/www3.santoandre.sp.gov.br\/cultura\/wp-json\/wp\/v2\/posts\/70974\/revisions"}],"predecessor-version":[{"id":70976,"href":"https:\/\/www3.santoandre.sp.gov.br\/cultura\/wp-json\/wp\/v2\/posts\/70974\/revisions\/70976"}],"wp:featuredmedia":[{"embeddable":true,"href":"https:\/\/www3.santoandre.sp.gov.br\/cultura\/wp-json\/wp\/v2\/media\/70975"}],"wp:attachment":[{"href":"https:\/\/www3.santoandre.sp.gov.br\/cultura\/wp-json\/wp\/v2\/media?parent=70974"}],"wp:term":[{"taxonomy":"category","embeddable":true,"href":"https:\/\/www3.santoandre.sp.gov.br\/cultura\/wp-json\/wp\/v2\/categories?post=70974"},{"taxonomy":"post_tag","embeddable":true,"href":"https:\/\/www3.santoandre.sp.gov.br\/cultura\/wp-json\/wp\/v2\/tags?post=70974"}],"curies":[{"name":"wp","href":"https:\/\/api.w.org\/{rel}","templated":true}]}}