
{"id":70970,"date":"2026-04-23T10:16:10","date_gmt":"2026-04-23T13:16:10","guid":{"rendered":"https:\/\/www3.santoandre.sp.gov.br\/cultura\/?p=70970"},"modified":"2026-04-24T10:46:14","modified_gmt":"2026-04-24T13:46:14","slug":"sinfonica-andreense-apresenta-concerto-divas-do-pop-neste-domingo","status":"publish","type":"post","link":"https:\/\/www3.santoandre.sp.gov.br\/cultura\/2026\/04\/23\/sinfonica-andreense-apresenta-concerto-divas-do-pop-neste-domingo\/","title":{"rendered":"Sinf\u00f4nica andreense apresenta concerto Divas do Pop neste domingo"},"content":{"rendered":"\n<p><em>Evento em comemora\u00e7\u00e3o ao anivers\u00e1rio da cidade ter\u00e1 ainda a cantora Ana Ca\u00f1as homenageando Rita Lee<\/em><\/p>\n\n\n\n<p>Santo Andr\u00e9, 23 de abril de 2026 &#8211; Lady Gaga, Alicia Keys, Madonna e Beyonc\u00e9 s\u00e3o apenas algumas da divas do pop que ter\u00e3o seus sucessos interpretados pela Orquestra Sinf\u00f4nica de Santo Andr\u00e9 (Ossa), com apoio das vozes da Dynamic Band, no concerto especial de anivers\u00e1rio da cidade que acontece no domingo (26), \u00e0s 11h, no Parque Central. A programa\u00e7\u00e3o traz ainda a cantora Ana Ca\u00f1as, que dar\u00e1 voz aos sucessos de Rita Lee a partir das 17h. A entrada \u00e9 gratuita, mas pede-se, se poss\u00edvel, a doa\u00e7\u00e3o de 2 kg de alimento n\u00e3o perec\u00edvel.<\/p>\n\n\n\n<p>Ao todo, a Orquestra vai executar hits de 12 cantoras no in\u00e9dito concerto Divas do Pop. \u201cS\u00e3o muitas divas na hist\u00f3ria da m\u00fasica. Precisar\u00edamos de v\u00e1rios concertos para dar conta de todas. Mas tentamos fazer um panorama, desde Aretha Franklin at\u00e9 Lady Gaga, mostrando que dentro das Divas, existe toda uma gama de repert\u00f3rio, que percorre o rock, o blues, o soul, entre outros estilos\u201d, explica o maestro Marcelo Falc\u00e3o, que vai reger a orquestra nesse domingo<\/p>\n\n\n\n<p>Segundo o maestro, os arranjos foram feitos especialmente para esta apresenta\u00e7\u00e3o por Renato Zanuto, Jo\u00e3o Cristal e Laura Ciziniauskas.&nbsp;<\/p>\n\n\n\n<p>\u201cA ideia de homenagear cantoras da m\u00fasica pop vem dar continuidade a uma s\u00e9rie de concertos da Sinf\u00f4nica de Santo Andr\u00e9, onde s\u00e3o tocadas m\u00fasicas fora da chamada m\u00fasica \u201ccl\u00e1ssica\u201d, como j\u00e1 foi feito com o U2 Sinf\u00f4nico ou Beatles Sinf\u00f4nico\u201d, completa Falc\u00e3o.<\/p>\n\n\n\n<p><strong>Ana Ca\u00f1as &#8211;<\/strong> A pot\u00eancia das mulheres na m\u00fasica ainda continua sendo a grande estrela deste domingo, com o show de Ana Ca\u00f1as, a partir das 17h.&nbsp; Como se n\u00e3o bastasse a voz potente, a intensidade e a presen\u00e7a de palco, a cantora est\u00e1 homenageando Rita Lee em seu novo show, Rita Total, que ela traz a Santo Andr\u00e9, em parceria com o Sesc.<\/p>\n\n\n\n<p>Vibrante e divertido, mas sem deixar de lado a emo\u00e7\u00e3o, o show promete conectar gera\u00e7\u00f5es em uma homenagem apaixonada a uma das maiores compositoras do pa\u00eds e \u00edcone do rock brasileiro, Rita Lee. O pedido frequente do p\u00fablico para que Ana Ca\u00f1as interpretasse a obra de Rita Lee foi um dos<\/p>\n\n\n\n<p>motivadores do projeto, mas n\u00e3o o \u00fanico, como explica a artista: &#8220;Recebi um convite especial para homenagear a Rita no Festival de Cinema de Ouro Preto (CineOP) e como sou cin\u00e9fila e f\u00e3 do festival, aceitei\u201d, conta a cantora.<\/p>\n\n\n\n<p>Entre os grandes sucessos que figuram no repert\u00f3rio, est\u00e3o &#8220;Coisas da Vida&#8221;, &#8220;Esse Tal de Roque Enrow&#8221;, &#8220;Balada do Louco&#8221; e &#8220;Jardins da Babil\u00f4nia&#8221; \u2013 em roteiro que caminha pela passagem de Rita pelos Mutantes, os discos com a Tutti-Frutti e a parceira com Roberto de Carvalho.<\/p>\n\n\n\n<p>O encontro de universos de Ana e Rita, ambas paulistanas, vai muito al\u00e9m de dividirem a mesma cidade de nascimento. Irrever\u00eancia, ousadia, liberdade, carisma, coragem e autenticidade s\u00e3o pilares de personalidade que as unem em atitude, e essas caracter\u00edsticas t\u00e3o marcantes se refletem no palco e na percep\u00e7\u00e3o do p\u00fablico sobre o show, que ela traz a Santo Andr\u00e9 no domingo.<\/p>\n\n\n\n<p>A programa\u00e7\u00e3o traz ainda, \u00e0s 13h, os m\u00fasicos do Samba de Terreiro de Mau\u00e1, o espet\u00e1culo circense &#8220;Raiow Rainhas&#8221;, \u00e0s 14h, e a divertida apresenta\u00e7\u00e3o do espet\u00e1culo As incr\u00edveis m\u00e1gicas fracassadas do Juneko Leleko, o palha\u00e7o.<\/p>\n\n\n\n<p>Durante todo o evento, que acontece, das 10h at\u00e9 as 17h, haver\u00e1 atividades recreativas do projeto Mais Lazer e a presen\u00e7a dos empreendedores criativos da Feira Multicultural, com a comercializa\u00e7\u00e3o de itens de moda, artesanato, artes pl\u00e1sticas e gastronomia, a partir das 11h.&nbsp;<\/p>\n\n\n\n<p><strong>Novidades &#8211;<\/strong> O evento cultural vai ter um significado ainda maior, com as entregas das novas concha ac\u00fastica e tenda azul, que foram totalmente revitalizadas e ganharam ilumina\u00e7\u00e3o especial em LED, do playground modernizado e do Bosque dos Ip\u00eas, onde foram plantados 300 ip\u00eas e 40 mudas de pau-brasil. Ainda est\u00e3o nos planos a constru\u00e7\u00e3o de um mirante e a implanta\u00e7\u00e3o de pra\u00e7as de conveni\u00eancia, em processos que v\u00e3o ocorrer ao longo do ano.<br><br><strong>Anivers\u00e1rio &#8211;<\/strong> O concerto Divas do Pop faz parte da programa\u00e7\u00e3o do anivers\u00e1rio de 473 anos de Santo Andr\u00e9. que tem patroc\u00ednio da Aesa e copatroc\u00ednio de Coop, Suzantur e Grand Plaza Shopping. A realiza\u00e7\u00e3o \u00e9 da Youp, com apoio institucional do Fundo Social de Solidariedade, do Banco de Alimentos e da Prefeitura de Santo Andr\u00e9. A programa\u00e7\u00e3o completa est\u00e1 dispon\u00edvel at\u00e9 3 de maio no site&nbsp;<a href=\"http:\/\/www.santoandre473anos.com.br\/\" target=\"_blank\" rel=\"noreferrer noopener\">www.santoandre473anos.com.br<\/a>.<\/p>\n\n\n\n<p><br>Concerto Divas do Pop:<\/p>\n\n\n\n<p>Divas:<\/p>\n\n\n\n<p>Beyonc\u00e9<\/p>\n\n\n\n<p>Cher<\/p>\n\n\n\n<p>Aretha Franklin<\/p>\n\n\n\n<p>Whitney Houston<\/p>\n\n\n\n<p>Chaka Khan<\/p>\n\n\n\n<p>Tina Turner<\/p>\n\n\n\n<p>Adele<\/p>\n\n\n\n<p>Alicia Keys<\/p>\n\n\n\n<p>Britney Spears<\/p>\n\n\n\n<p>Madonna<\/p>\n\n\n\n<p>Lady Gaga<\/p>\n\n\n\n<p>Cindy Lauper<\/p>\n\n\n\n<p>Local: Parque Central<\/p>\n\n\n\n<p>Endere\u00e7o: Rua Jos\u00e9 Bonif\u00e1cio, s\/n &#8211; Vila Assun\u00e7\u00e3o Entrada gratuita &#8211; colabore com 2 kg de alimentos n\u00e3o perec\u00edveis<br><br>-| Texto: Paola Zanei&nbsp; &nbsp; &nbsp; &nbsp; &nbsp;<br><\/p>\n","protected":false},"excerpt":{"rendered":"<p>Evento em comemora\u00e7\u00e3o ao anivers\u00e1rio da cidade ter\u00e1 ainda a cantora Ana Ca\u00f1as homenageando Rita Lee Santo Andr\u00e9, 23 de abril de 2026 &#8211; Lady Gaga, Alicia Keys, Madonna e Beyonc\u00e9 s\u00e3o apenas algumas da divas do pop que ter\u00e3o seus sucessos interpretados pela Orquestra Sinf\u00f4nica de Santo Andr\u00e9 (Ossa), com apoio das vozes da&hellip;<\/p>\n","protected":false},"author":6,"featured_media":70971,"comment_status":"closed","ping_status":"open","sticky":false,"template":"","format":"standard","meta":{"_jetpack_memberships_contains_paid_content":false,"footnotes":"","jetpack_publicize_message":"","jetpack_publicize_feature_enabled":true,"jetpack_social_post_already_shared":true,"jetpack_social_options":{"image_generator_settings":{"template":"highway","default_image_id":0,"font":"","enabled":false},"version":2}},"categories":[6],"tags":[],"class_list":["post-70970","post","type-post","status-publish","format-standard","has-post-thumbnail","hentry","category-noticias"],"jetpack_publicize_connections":[],"jetpack_featured_media_url":"https:\/\/www3.santoandre.sp.gov.br\/cultura\/wp-content\/uploads\/2026\/04\/2-Ossa-no-Parque-Central-Foto-Helber-Aggio_PSA-3.jpeg","jetpack_sharing_enabled":true,"_links":{"self":[{"href":"https:\/\/www3.santoandre.sp.gov.br\/cultura\/wp-json\/wp\/v2\/posts\/70970","targetHints":{"allow":["GET"]}}],"collection":[{"href":"https:\/\/www3.santoandre.sp.gov.br\/cultura\/wp-json\/wp\/v2\/posts"}],"about":[{"href":"https:\/\/www3.santoandre.sp.gov.br\/cultura\/wp-json\/wp\/v2\/types\/post"}],"author":[{"embeddable":true,"href":"https:\/\/www3.santoandre.sp.gov.br\/cultura\/wp-json\/wp\/v2\/users\/6"}],"replies":[{"embeddable":true,"href":"https:\/\/www3.santoandre.sp.gov.br\/cultura\/wp-json\/wp\/v2\/comments?post=70970"}],"version-history":[{"count":1,"href":"https:\/\/www3.santoandre.sp.gov.br\/cultura\/wp-json\/wp\/v2\/posts\/70970\/revisions"}],"predecessor-version":[{"id":70972,"href":"https:\/\/www3.santoandre.sp.gov.br\/cultura\/wp-json\/wp\/v2\/posts\/70970\/revisions\/70972"}],"wp:featuredmedia":[{"embeddable":true,"href":"https:\/\/www3.santoandre.sp.gov.br\/cultura\/wp-json\/wp\/v2\/media\/70971"}],"wp:attachment":[{"href":"https:\/\/www3.santoandre.sp.gov.br\/cultura\/wp-json\/wp\/v2\/media?parent=70970"}],"wp:term":[{"taxonomy":"category","embeddable":true,"href":"https:\/\/www3.santoandre.sp.gov.br\/cultura\/wp-json\/wp\/v2\/categories?post=70970"},{"taxonomy":"post_tag","embeddable":true,"href":"https:\/\/www3.santoandre.sp.gov.br\/cultura\/wp-json\/wp\/v2\/tags?post=70970"}],"curies":[{"name":"wp","href":"https:\/\/api.w.org\/{rel}","templated":true}]}}