
{"id":70962,"date":"2026-04-21T15:07:12","date_gmt":"2026-04-21T18:07:12","guid":{"rendered":"https:\/\/www3.santoandre.sp.gov.br\/cultura\/?p=70962"},"modified":"2026-04-22T15:48:02","modified_gmt":"2026-04-22T18:48:02","slug":"livro-protocolo-de-manchester-sera-lancado-nesta-quinta-na-casa-da-palavra","status":"publish","type":"post","link":"https:\/\/www3.santoandre.sp.gov.br\/cultura\/2026\/04\/21\/livro-protocolo-de-manchester-sera-lancado-nesta-quinta-na-casa-da-palavra\/","title":{"rendered":"Livro \u2018Protocolo de Manchester\u2019 ser\u00e1 lan\u00e7ado nesta quinta na Casa da Palavra"},"content":{"rendered":"\n<p><em>Obra de Mateus Novaes transp\u00f5e para a poesia o sistema de triagem usado em hospitais, em que cores indicam graus de urg\u00eancia<\/em><\/p>\n\n\n\n<p>Santo Andr\u00e9, 21 de abril de 2026 \u2013 Vermelho, azul, laranja, verde e amarelo se tornam n\u00e3o apenas sinais de risco, mas tamb\u00e9m chaves para organizar uma sequ\u00eancia de poemas. \u00c9 com essa tem\u00e1tica que o livro \u2018Protocolo de Manchester\u2019, de Mateus Novaes, ser\u00e1 lan\u00e7ado nesta quinta-feira (23), \u00e0s 19h, na Casa da Palavra M\u00e1rio Quintana, em Santo Andr\u00e9.&nbsp;<\/p>\n\n\n\n<p>O livro prop\u00f5e m\u00faltiplos percursos de leitura. Na ordem dos poemas, pelo agrupamento das cores ou pela tentativa de adivinhar a enfermidade evocada em cada texto.&nbsp;<\/p>\n\n\n\n<p>Entre sonetos, haicais, poesia visual e concreta, Novaes organiza um jogo em que dor, linguagem e ritmo se cruzam, convidando o leitor a ouvir no poema n\u00e3o s\u00f3 um sentido, mas um sintoma.&nbsp;<\/p>\n\n\n\n<p><strong>Autor &#8211; <\/strong>Mateus Novaes \u00e9 poeta, vocalista da banda Krias de Kafka e pai do Bernardo e da Alice. \u00c9 autor dos livros de poemas \u201cDesist\u00eancia\u201d (Patu\u00e1, 2012), \u201cUm Frio de Hosp\u00edcio na Espinha\u201d (ed. do autor, 2021), da plaquete \u201cTRETA: poema single\u201d (Ave de Rapina, 2015) e de \u201cProtocolo de Manchester\u201d (Cachalote\/Aboio 2025).<\/p>\n\n\n\n<p>Servi\u00e7o:<\/p>\n\n\n\n<p><strong>Lan\u00e7amento do livro \u2018Protocolo de Manchester\u2019<\/strong><\/p>\n\n\n\n<p>Data: 23\/4 (quinta-feira)<\/p>\n\n\n\n<p>Hor\u00e1rio: 19h<\/p>\n\n\n\n<p>Local: Casa da Palavra M\u00e1rio Quintana Endere\u00e7o: Pra\u00e7a do Carmo, 171 &#8211; Centro &#8211; Santo Andr\u00e9<br><br>-| Texto: Caroline Terzi<br><\/p>\n","protected":false},"excerpt":{"rendered":"<p>Obra de Mateus Novaes transp\u00f5e para a poesia o sistema de triagem usado em hospitais, em que cores indicam graus de urg\u00eancia Santo Andr\u00e9, 21 de abril de 2026 \u2013 Vermelho, azul, laranja, verde e amarelo se tornam n\u00e3o apenas sinais de risco, mas tamb\u00e9m chaves para organizar uma sequ\u00eancia de poemas. \u00c9 com essa&hellip;<\/p>\n","protected":false},"author":6,"featured_media":70963,"comment_status":"closed","ping_status":"open","sticky":false,"template":"","format":"standard","meta":{"_jetpack_memberships_contains_paid_content":false,"footnotes":"","jetpack_publicize_message":"","jetpack_publicize_feature_enabled":true,"jetpack_social_post_already_shared":true,"jetpack_social_options":{"image_generator_settings":{"template":"highway","default_image_id":0,"font":"","enabled":false},"version":2}},"categories":[6],"tags":[],"class_list":["post-70962","post","type-post","status-publish","format-standard","has-post-thumbnail","hentry","category-noticias"],"jetpack_publicize_connections":[],"jetpack_featured_media_url":"https:\/\/www3.santoandre.sp.gov.br\/cultura\/wp-content\/uploads\/2026\/04\/Mateus-Novaes.png","jetpack_sharing_enabled":true,"_links":{"self":[{"href":"https:\/\/www3.santoandre.sp.gov.br\/cultura\/wp-json\/wp\/v2\/posts\/70962","targetHints":{"allow":["GET"]}}],"collection":[{"href":"https:\/\/www3.santoandre.sp.gov.br\/cultura\/wp-json\/wp\/v2\/posts"}],"about":[{"href":"https:\/\/www3.santoandre.sp.gov.br\/cultura\/wp-json\/wp\/v2\/types\/post"}],"author":[{"embeddable":true,"href":"https:\/\/www3.santoandre.sp.gov.br\/cultura\/wp-json\/wp\/v2\/users\/6"}],"replies":[{"embeddable":true,"href":"https:\/\/www3.santoandre.sp.gov.br\/cultura\/wp-json\/wp\/v2\/comments?post=70962"}],"version-history":[{"count":1,"href":"https:\/\/www3.santoandre.sp.gov.br\/cultura\/wp-json\/wp\/v2\/posts\/70962\/revisions"}],"predecessor-version":[{"id":70964,"href":"https:\/\/www3.santoandre.sp.gov.br\/cultura\/wp-json\/wp\/v2\/posts\/70962\/revisions\/70964"}],"wp:featuredmedia":[{"embeddable":true,"href":"https:\/\/www3.santoandre.sp.gov.br\/cultura\/wp-json\/wp\/v2\/media\/70963"}],"wp:attachment":[{"href":"https:\/\/www3.santoandre.sp.gov.br\/cultura\/wp-json\/wp\/v2\/media?parent=70962"}],"wp:term":[{"taxonomy":"category","embeddable":true,"href":"https:\/\/www3.santoandre.sp.gov.br\/cultura\/wp-json\/wp\/v2\/categories?post=70962"},{"taxonomy":"post_tag","embeddable":true,"href":"https:\/\/www3.santoandre.sp.gov.br\/cultura\/wp-json\/wp\/v2\/tags?post=70962"}],"curies":[{"name":"wp","href":"https:\/\/api.w.org\/{rel}","templated":true}]}}