
{"id":70958,"date":"2026-04-20T13:47:28","date_gmt":"2026-04-20T16:47:28","guid":{"rendered":"https:\/\/www3.santoandre.sp.gov.br\/cultura\/?p=70958"},"modified":"2026-04-22T15:04:46","modified_gmt":"2026-04-22T18:04:46","slug":"canja-com-canja-e-instante-abc-se-unem-em-show-que-celebra-o-aniversario-de-santo-andre","status":"publish","type":"post","link":"https:\/\/www3.santoandre.sp.gov.br\/cultura\/2026\/04\/20\/canja-com-canja-e-instante-abc-se-unem-em-show-que-celebra-o-aniversario-de-santo-andre\/","title":{"rendered":"Canja com Canja e Instante ABC se unem em show que celebra o anivers\u00e1rio de Santo Andr\u00e9"},"content":{"rendered":"\n<p><em>Evento acontece nesta quarta-feira, \u00e0s 19h, no sagu\u00e3o do Teatro Municipal<\/em><\/p>\n\n\n\n<p>Santo Andr\u00e9, 20 de abril de 2026 &#8211; Nesta quarta-feira (22), a noite ser\u00e1 de celebrar o anivers\u00e1rio de 473 anos de Santo Andr\u00e9 com muita m\u00fasica boa. A partir das 19h, o palco do sagu\u00e3o do Teatro Municipal Maestro Flavio Florence vai receber um show que reunir\u00e1 a for\u00e7a de dois importantes projetos de fomento \u00e0 cena art\u00edstica da cidade e do ABC, o Canja com Canja e o Instante ABC.<\/p>\n\n\n\n<p>O resultado desse encontro potente, que faz parte da programa\u00e7\u00e3o de anivers\u00e1rio da cidade, \u00e9 uma edi\u00e7\u00e3o que vai contar com a apresenta\u00e7\u00e3o da cantora e atriz Carol Cavesso e da atra\u00e7\u00e3o Sujeito &amp; Sexteto, com um som que misturas influ\u00eancia de MPB, samba, jazz e blues, al\u00e9m da tradicional canja, com op\u00e7\u00e3o vegana, distribu\u00edda pelo projeto Canja com Canja ao final das apresenta\u00e7\u00f5es do projeto.<\/p>\n\n\n\n<p>Criado no in\u00edcio dos anos 2000, o projeto Canja com Canja voltou a ser realizado em 2023, com a miss\u00e3o de resgatar o esp\u00edrito da vers\u00e3o original, ou seja, promover um espa\u00e7o de encontro para artistas da m\u00fasica, dar oportunidade a novas bandas e promover o encontro com bandas j\u00e1 consagradas da cidade e regi\u00e3o, tornando-se uma mostra permanente da produ\u00e7\u00e3o local.<\/p>\n\n\n\n<p>O palco para os artistas que participam do Instante ABC costuma ser a \u00e1rea externa do Cine Theatro de Variedades Carlos Gomes, no Centro. A iniciativa, que conta com apoio da Prefeitura, por meio da Secretaria de Cultura, tem como objetivo valorizar as express\u00f5es art\u00edsticas locais e regionais independentes. O Instante ABC pretende ser um ponto de encontro para artistas emergentes e o p\u00fablico, oferecendo um ambiente onde a m\u00fasica e outras manifesta\u00e7\u00f5es culturais podem se expressar livremente.<\/p>\n\n\n\n<p>A primeira atra\u00e7\u00e3o ser\u00e1 Carol Cavesso, que \u00e9 cantora, compositora, dan\u00e7arina e atriz, com bacharelado em teatro pela Escola Superior de Arte C\u00e9lia Helena. \u00c9 integrante da banda Abacaxepa desde 2016, fazendo parte do trio vocal que tanto traz identidade ao grupo e que j\u00e1 se apresentou em diversas cidades do pa\u00eds. Atualmente tamb\u00e9m tem um projeto autoral com o grupo Otis Trio, onde pesquisa as facetas do jazz e bop junto ao improviso vocal e instrumental.<\/p>\n\n\n\n<p>Uma mistura influ\u00eancias de MPB, samba, jazz e blues em composi\u00e7\u00f5es marcadas pela poesia e cr\u00edtica social \u00e9 caracter\u00edstica do trabalho da segunda atra\u00e7\u00e3o deste Canja com Canja especial de anivers\u00e1rio, o cantor Sujeito, acompanhado de um sexteto. Com uma trajet\u00f3ria de colabora\u00e7\u00f5es e passagens por festivais importantes, o artista j\u00e1 dividiu palco com nomes de destaque do rap nacional, al\u00e9m de ter se apresentado em espa\u00e7os culturais consagrados da capital paulista e no Festival de Inverno de Paranapiacaba. Seu \u00e1lbum mais recente \u00e9 \u2018Janelas em Quadro Mudo\u2019.<\/p>\n\n\n\n<p>Servi\u00e7o<\/p>\n\n\n\n<p><strong>Canja com Canja + Instante ABC<\/strong><\/p>\n\n\n\n<p>Data: 22\/4 (quarta-feira)<\/p>\n\n\n\n<p>Hor\u00e1rio: das 19h \u00e0s 21h<\/p>\n\n\n\n<p>Local: Sagu\u00e3o do Teatro Municipal Maestro Flavio Florence<\/p>\n\n\n\n<p>Endere\u00e7o: Pra\u00e7a IV Centen\u00e1rio, s\/n &#8211; Centro<\/p>\n\n\n\n<p>Gratuito<br><br>-| Texto: Paola Zanei<\/p>\n","protected":false},"excerpt":{"rendered":"<p>Evento acontece nesta quarta-feira, \u00e0s 19h, no sagu\u00e3o do Teatro Municipal Santo Andr\u00e9, 20 de abril de 2026 &#8211; Nesta quarta-feira (22), a noite ser\u00e1 de celebrar o anivers\u00e1rio de 473 anos de Santo Andr\u00e9 com muita m\u00fasica boa. A partir das 19h, o palco do sagu\u00e3o do Teatro Municipal Maestro Flavio Florence vai receber&hellip;<\/p>\n","protected":false},"author":6,"featured_media":70959,"comment_status":"closed","ping_status":"open","sticky":false,"template":"","format":"standard","meta":{"_jetpack_memberships_contains_paid_content":false,"footnotes":"","jetpack_publicize_message":"","jetpack_publicize_feature_enabled":true,"jetpack_social_post_already_shared":true,"jetpack_social_options":{"image_generator_settings":{"template":"highway","default_image_id":0,"font":"","enabled":false},"version":2}},"categories":[6],"tags":[],"class_list":["post-70958","post","type-post","status-publish","format-standard","has-post-thumbnail","hentry","category-noticias"],"jetpack_publicize_connections":[],"jetpack_featured_media_url":"https:\/\/www3.santoandre.sp.gov.br\/cultura\/wp-content\/uploads\/2026\/04\/SujeitoSexteto-divulgacao.jpeg","jetpack_sharing_enabled":true,"_links":{"self":[{"href":"https:\/\/www3.santoandre.sp.gov.br\/cultura\/wp-json\/wp\/v2\/posts\/70958","targetHints":{"allow":["GET"]}}],"collection":[{"href":"https:\/\/www3.santoandre.sp.gov.br\/cultura\/wp-json\/wp\/v2\/posts"}],"about":[{"href":"https:\/\/www3.santoandre.sp.gov.br\/cultura\/wp-json\/wp\/v2\/types\/post"}],"author":[{"embeddable":true,"href":"https:\/\/www3.santoandre.sp.gov.br\/cultura\/wp-json\/wp\/v2\/users\/6"}],"replies":[{"embeddable":true,"href":"https:\/\/www3.santoandre.sp.gov.br\/cultura\/wp-json\/wp\/v2\/comments?post=70958"}],"version-history":[{"count":1,"href":"https:\/\/www3.santoandre.sp.gov.br\/cultura\/wp-json\/wp\/v2\/posts\/70958\/revisions"}],"predecessor-version":[{"id":70960,"href":"https:\/\/www3.santoandre.sp.gov.br\/cultura\/wp-json\/wp\/v2\/posts\/70958\/revisions\/70960"}],"wp:featuredmedia":[{"embeddable":true,"href":"https:\/\/www3.santoandre.sp.gov.br\/cultura\/wp-json\/wp\/v2\/media\/70959"}],"wp:attachment":[{"href":"https:\/\/www3.santoandre.sp.gov.br\/cultura\/wp-json\/wp\/v2\/media?parent=70958"}],"wp:term":[{"taxonomy":"category","embeddable":true,"href":"https:\/\/www3.santoandre.sp.gov.br\/cultura\/wp-json\/wp\/v2\/categories?post=70958"},{"taxonomy":"post_tag","embeddable":true,"href":"https:\/\/www3.santoandre.sp.gov.br\/cultura\/wp-json\/wp\/v2\/tags?post=70958"}],"curies":[{"name":"wp","href":"https:\/\/api.w.org\/{rel}","templated":true}]}}