
{"id":70853,"date":"2026-03-20T15:18:52","date_gmt":"2026-03-20T18:18:52","guid":{"rendered":"https:\/\/www3.santoandre.sp.gov.br\/cultura\/?p=70853"},"modified":"2026-03-20T15:18:52","modified_gmt":"2026-03-20T18:18:52","slug":"espetaculo-anima-leva-a-forca-da-mulher-ao-palco-do-teatro-municipal-maestro-flavio-florence-no-fim-de-semana","status":"publish","type":"post","link":"https:\/\/www3.santoandre.sp.gov.br\/cultura\/2026\/03\/20\/espetaculo-anima-leva-a-forca-da-mulher-ao-palco-do-teatro-municipal-maestro-flavio-florence-no-fim-de-semana\/","title":{"rendered":"Espet\u00e1culo \u201c\u00c2nima\u201d leva a for\u00e7a da mulher ao palco do Teatro Municipal Maestro Flavio Florence no fim de semana"},"content":{"rendered":"\n<p><em>Pe\u00e7a passeia pela hist\u00f3ria e pelo legado de seis mulheres inspiradoras que se destacaram atrav\u00e9s dos tempos<\/em><\/p>\n\n\n\n<p>Santo Andr\u00e9, 11 de mar\u00e7o de 2026 &#8211; A for\u00e7a feminina vai ser celebrada no palco neste segundo final de semana de mar\u00e7o, M\u00eas da Mulher. O Teatro Municipal Maestro Flavio Florence, no Pa\u00e7o Municipal, recebe neste s\u00e1bado (14) e domingo (15) o espet\u00e1culo \u201c\u00c2nima: Uma ode \u00e0 for\u00e7a feminina\u201d, que traz um texto que passeia pelas hist\u00f3rias e pelas ideias de seis mulheres m\u00edsticas, pensadoras e idealistas: Joana D\u2019Arc, Simone Weil, Helena Blavatsky, Harriet Tubman, Marguerite Porret e Hip\u00e1tia de Alexandria.<\/p>\n\n\n\n<p>O espet\u00e1culo pode ser conferido no s\u00e1bado (14), \u00e0s 20h, e domingo (15), \u00e0s 18h. Os ingressos, a R$ 140 a inteira (R$ 120 antecipadamente), podem ser comprados no portal <a href=\"http:\/\/www.sympla.com.br\">www.sympla.com.br<\/a> ou na bilheteria do teatro no dia da apresenta\u00e7\u00e3o.<\/p>\n\n\n\n<p>Para unir as personagens, uma tecel\u00e3 ocupa o palco tecendo hist\u00f3rias que deixaram uma marca indel\u00e9vel no curso da humanidade. A premiada atriz Beth Zalcman \u00e9 quem d\u00e1 vida a cada uma das personagens. No espet\u00e1culo, a ancestralidade da fala se contrap\u00f5e com o uso da tecnologia e inova com o uso de drones transportando o p\u00fablico para um evento transformador.<\/p>\n\n\n\n<p>O texto \u00e9 da fil\u00f3sofa L\u00facia Helena Galv\u00e3o, que criou esta obra juntamente com a atriz a Beth Zalcman e participa\u00e7\u00e3o do diretor Luiz Antonio Rocha. \u00c2nima marca a retomada do trio respons\u00e1vel pelo sucesso do espet\u00e1culo \u201cHelena Blavatsky, a voz do sil\u00eancio\u201d, visto por cerca de 70 mil pessoas e que rendeu a Beth Zalcman o Pr\u00eamio Cenym de Melhor Atriz em 2023.<\/p>\n\n\n\n<p>Personagens:<\/p>\n\n\n\n<p>Simone Weil, s\u00e9c. XIX, fil\u00f3sofa francesa dotada de uma capacidade \u00edmpar de ver simbolicamente a vida e aprofundar-se em seus segredos mais \u00edntimos;<\/p>\n\n\n\n<p>Santa Joana D\u2019Arc, s\u00e9c. XIV, hero\u00edna condenada \u00e0 fogueira pela igreja cat\u00f3lica e canonizada pela mesma igreja;<\/p>\n\n\n\n<p>Helena Blavatsky, s\u00e9c XIX escritora duramente condenada por seus contempor\u00e2neos, por sua ousadia e originalidade, por sua irrever\u00eancia e determina\u00e7\u00e3o;<\/p>\n\n\n\n<p>Harriet Tubman, sec XVIII, mulher escravizada foragida que libertou muitos outros companheiros da escravid\u00e3o, se tornou s\u00edmbolo da luta contra o trabalho escravo nos EUA;<\/p>\n\n\n\n<p>Marguerite Poret,, s\u00e9c. XIII,&nbsp; grande pensadora e m\u00edstica que escreveu a reconhecida obra \u201cEspelho das Almas Simples&#8230;\u201d, que lhe rendeu uma condena\u00e7\u00e3o \u00e0 morte na fogueira;<\/p>\n\n\n\n<p>Hip\u00e1tia de Alexandria, s\u00e9c. IV,&nbsp; uma incans\u00e1vel investigadora, que foi v\u00edtima do fanatismo de seu tempo, conhecida como a primeira matem\u00e1tica documentada na hist\u00f3ria.<\/p>\n\n\n\n<p>Servi\u00e7o<\/p>\n\n\n\n<p><strong>Espet\u00e1culo \u201c\u00c2nima: uma ode \u00e0 for\u00e7a feminina\u201d<\/strong><\/p>\n\n\n\n<p>Data: s\u00e1bado (14), \u00e0s 20h e domingo (15), \u00e0s 18h<\/p>\n\n\n\n<p>Local: Teatro Municipal Maestro Flavio Florence<\/p>\n\n\n\n<p>Endere\u00e7o: Pra\u00e7a IV Centen\u00e1rio, n 1, Centro<\/p>\n\n\n\n<p>Ingressos no Sympla (<a href=\"http:\/\/www.sympla.com.br\">www.sympla.com.br<\/a>) ou na bilheteria do Teatro<\/p>\n\n\n\n<p>-| Texto: Paola Zanei<\/p>\n\n\n\n<p><\/p>\n","protected":false},"excerpt":{"rendered":"<p>Pe\u00e7a passeia pela hist\u00f3ria e pelo legado de seis mulheres inspiradoras que se destacaram atrav\u00e9s dos tempos Santo Andr\u00e9, 11 de mar\u00e7o de 2026 &#8211; A for\u00e7a feminina vai ser celebrada no palco neste segundo final de semana de mar\u00e7o, M\u00eas da Mulher. O Teatro Municipal Maestro Flavio Florence, no Pa\u00e7o Municipal, recebe neste s\u00e1bado&hellip;<\/p>\n","protected":false},"author":6,"featured_media":0,"comment_status":"closed","ping_status":"open","sticky":false,"template":"","format":"standard","meta":{"_jetpack_memberships_contains_paid_content":false,"footnotes":"","jetpack_publicize_message":"","jetpack_publicize_feature_enabled":true,"jetpack_social_post_already_shared":true,"jetpack_social_options":{"image_generator_settings":{"template":"highway","default_image_id":0,"font":"","enabled":false},"version":2}},"categories":[6,1],"tags":[],"class_list":["post-70853","post","type-post","status-publish","format-standard","hentry","category-noticias","category-sem-categoria"],"jetpack_publicize_connections":[],"jetpack_featured_media_url":"","jetpack_sharing_enabled":true,"_links":{"self":[{"href":"https:\/\/www3.santoandre.sp.gov.br\/cultura\/wp-json\/wp\/v2\/posts\/70853","targetHints":{"allow":["GET"]}}],"collection":[{"href":"https:\/\/www3.santoandre.sp.gov.br\/cultura\/wp-json\/wp\/v2\/posts"}],"about":[{"href":"https:\/\/www3.santoandre.sp.gov.br\/cultura\/wp-json\/wp\/v2\/types\/post"}],"author":[{"embeddable":true,"href":"https:\/\/www3.santoandre.sp.gov.br\/cultura\/wp-json\/wp\/v2\/users\/6"}],"replies":[{"embeddable":true,"href":"https:\/\/www3.santoandre.sp.gov.br\/cultura\/wp-json\/wp\/v2\/comments?post=70853"}],"version-history":[{"count":1,"href":"https:\/\/www3.santoandre.sp.gov.br\/cultura\/wp-json\/wp\/v2\/posts\/70853\/revisions"}],"predecessor-version":[{"id":70857,"href":"https:\/\/www3.santoandre.sp.gov.br\/cultura\/wp-json\/wp\/v2\/posts\/70853\/revisions\/70857"}],"wp:attachment":[{"href":"https:\/\/www3.santoandre.sp.gov.br\/cultura\/wp-json\/wp\/v2\/media?parent=70853"}],"wp:term":[{"taxonomy":"category","embeddable":true,"href":"https:\/\/www3.santoandre.sp.gov.br\/cultura\/wp-json\/wp\/v2\/categories?post=70853"},{"taxonomy":"post_tag","embeddable":true,"href":"https:\/\/www3.santoandre.sp.gov.br\/cultura\/wp-json\/wp\/v2\/tags?post=70853"}],"curies":[{"name":"wp","href":"https:\/\/api.w.org\/{rel}","templated":true}]}}