
{"id":70850,"date":"2026-03-19T14:23:14","date_gmt":"2026-03-19T17:23:14","guid":{"rendered":"https:\/\/www3.santoandre.sp.gov.br\/cultura\/?p=70850"},"modified":"2026-03-20T14:30:46","modified_gmt":"2026-03-20T17:30:46","slug":"santo-andre-promove-encontro-com-povos-tradicionais-de-matriz-africana","status":"publish","type":"post","link":"https:\/\/www3.santoandre.sp.gov.br\/cultura\/2026\/03\/19\/santo-andre-promove-encontro-com-povos-tradicionais-de-matriz-africana\/","title":{"rendered":"Santo Andr\u00e9 promove encontro com povos tradicionais de matriz africana"},"content":{"rendered":"\n<p><em>Atividade envolve escuta, articula\u00e7\u00e3o e mapeamento do segmento no munic\u00edpio<\/em><\/p>\n\n\n\n<p>Santo Andr\u00e9, 19 de mar\u00e7o de 2026 \u2013 Grupos e lideran\u00e7as de matriz africana de Santo Andr\u00e9 t\u00eam um encontro marcado neste s\u00e1bado (21), das 14h \u00e0s 17h, no Audit\u00f3rio Heleny Guariba, localizado no Sagu\u00e3o do Teatro Municipal Maestro Flavio Florence. A reuni\u00e3o tem como objetivo mapear os Povos Tradicionais de Matriz Africana (POTMA) e discutir pol\u00edticas culturais espec\u00edficas para este segmento.<\/p>\n\n\n\n<p>A iniciativa tamb\u00e9m prev\u00ea, em uma pr\u00f3xima etapa, a identifica\u00e7\u00e3o das linguagens culturais presentes nas manifesta\u00e7\u00f5es de matriz africana, fortalecendo a atua\u00e7\u00e3o dos grupos e ampliando seu reconhecimento dentro da Pol\u00edtica Nacional de Cultura Viva. A reuni\u00e3o integra uma agenda de di\u00e1logo entre o poder p\u00fablico e representantes da sociedade civil e \u00e9 aberta a todos os grupos, coletivos e lideran\u00e7as interessados no tema.<\/p>\n\n\n\n<p><strong>POTMA \u2013<\/strong> Os Povos Tradicionais de Matriz Africana (POTMA) s\u00e3o grupos que preservam tradi\u00e7\u00f5es, cren\u00e7as, religi\u00f5es e modos de vida ancestrais origin\u00e1rios do continente africano, adaptados e recriados no Brasil. Eles s\u00e3o definidos pela resist\u00eancia cultural, ancestralidade e forte liga\u00e7\u00e3o com terreiros, valorizando saberes de anci\u00e3os, cultura viva e o direito de mem\u00f3ria.<\/p>\n\n\n\n<p>Servi\u00e7o:<\/p>\n\n\n\n<p><strong>Encontro com Povos Tradicionais de Matriz Africana (POTMA)<\/strong><\/p>\n\n\n\n<p>Data: 21\/3 (s\u00e1bado)<\/p>\n\n\n\n<p>Hor\u00e1rio: das 14h \u00e0s 17h<\/p>\n\n\n\n<p>Local: Audit\u00f3rio Heleny Guariba<\/p>\n\n\n\n<p>Endere\u00e7o: Pra\u00e7a IV Centen\u00e1rio, s\/n\u00ba, Centro<\/p>\n\n\n\n<p>Entrada gratuita.<\/p>\n\n\n\n<p>-| Texto: Daniela Mian<\/p>\n","protected":false},"excerpt":{"rendered":"<p>Atividade envolve escuta, articula\u00e7\u00e3o e mapeamento do segmento no munic\u00edpio Santo Andr\u00e9, 19 de mar\u00e7o de 2026 \u2013 Grupos e lideran\u00e7as de matriz africana de Santo Andr\u00e9 t\u00eam um encontro marcado neste s\u00e1bado (21), das 14h \u00e0s 17h, no Audit\u00f3rio Heleny Guariba, localizado no Sagu\u00e3o do Teatro Municipal Maestro Flavio Florence. A reuni\u00e3o tem como&hellip;<\/p>\n","protected":false},"author":6,"featured_media":70851,"comment_status":"closed","ping_status":"open","sticky":false,"template":"","format":"standard","meta":{"_jetpack_memberships_contains_paid_content":false,"footnotes":"","jetpack_publicize_message":"","jetpack_publicize_feature_enabled":true,"jetpack_social_post_already_shared":true,"jetpack_social_options":{"image_generator_settings":{"template":"highway","default_image_id":0,"font":"","enabled":false},"version":2}},"categories":[6],"tags":[],"class_list":["post-70850","post","type-post","status-publish","format-standard","has-post-thumbnail","hentry","category-noticias"],"jetpack_publicize_connections":[],"jetpack_featured_media_url":"https:\/\/www3.santoandre.sp.gov.br\/cultura\/wp-content\/uploads\/2026\/03\/Potma_Foto_Divulgacao.jpg","jetpack_sharing_enabled":true,"_links":{"self":[{"href":"https:\/\/www3.santoandre.sp.gov.br\/cultura\/wp-json\/wp\/v2\/posts\/70850","targetHints":{"allow":["GET"]}}],"collection":[{"href":"https:\/\/www3.santoandre.sp.gov.br\/cultura\/wp-json\/wp\/v2\/posts"}],"about":[{"href":"https:\/\/www3.santoandre.sp.gov.br\/cultura\/wp-json\/wp\/v2\/types\/post"}],"author":[{"embeddable":true,"href":"https:\/\/www3.santoandre.sp.gov.br\/cultura\/wp-json\/wp\/v2\/users\/6"}],"replies":[{"embeddable":true,"href":"https:\/\/www3.santoandre.sp.gov.br\/cultura\/wp-json\/wp\/v2\/comments?post=70850"}],"version-history":[{"count":1,"href":"https:\/\/www3.santoandre.sp.gov.br\/cultura\/wp-json\/wp\/v2\/posts\/70850\/revisions"}],"predecessor-version":[{"id":70852,"href":"https:\/\/www3.santoandre.sp.gov.br\/cultura\/wp-json\/wp\/v2\/posts\/70850\/revisions\/70852"}],"wp:featuredmedia":[{"embeddable":true,"href":"https:\/\/www3.santoandre.sp.gov.br\/cultura\/wp-json\/wp\/v2\/media\/70851"}],"wp:attachment":[{"href":"https:\/\/www3.santoandre.sp.gov.br\/cultura\/wp-json\/wp\/v2\/media?parent=70850"}],"wp:term":[{"taxonomy":"category","embeddable":true,"href":"https:\/\/www3.santoandre.sp.gov.br\/cultura\/wp-json\/wp\/v2\/categories?post=70850"},{"taxonomy":"post_tag","embeddable":true,"href":"https:\/\/www3.santoandre.sp.gov.br\/cultura\/wp-json\/wp\/v2\/tags?post=70850"}],"curies":[{"name":"wp","href":"https:\/\/api.w.org\/{rel}","templated":true}]}}