
{"id":70841,"date":"2026-03-18T10:46:51","date_gmt":"2026-03-18T13:46:51","guid":{"rendered":"https:\/\/www3.santoandre.sp.gov.br\/cultura\/?p=70841"},"modified":"2026-03-19T10:57:22","modified_gmt":"2026-03-19T13:57:22","slug":"cine-theatro-carlos-gomes-recebe-a-folia-do-4o-carnadown-neste-sabado","status":"publish","type":"post","link":"https:\/\/www3.santoandre.sp.gov.br\/cultura\/2026\/03\/18\/cine-theatro-carlos-gomes-recebe-a-folia-do-4o-carnadown-neste-sabado\/","title":{"rendered":"Cine Theatro Carlos Gomes recebe a folia do 4\u00ba Carnadown neste s\u00e1bado"},"content":{"rendered":"\n<p><em>Evento gratuito tem como objetivo promover conscientiza\u00e7\u00e3o sobre a import\u00e2ncia da inclus\u00e3o; programa\u00e7\u00e3o ter\u00e1 in\u00edcio \u00e0s 16h<\/em><\/p>\n\n\n\n<p>Santo Andr\u00e9, 18 de mar\u00e7o de 2026 &#8211; Neste s\u00e1bado (21), Dia Internacional da S\u00edndrome de Down, Santo Andr\u00e9 realiza a quarta edi\u00e7\u00e3o da folia inclusiva Carnadown, no Cine Theatro de Variedades Carlos Gomes, no Centro. Diferente das tr\u00eas edi\u00e7\u00f5es anteriores, a festa este ano come\u00e7a mais cedo, a partir das 16h, e tem uma hora a mais de dura\u00e7\u00e3o, com t\u00e9rmino previsto para as 20h.<\/p>\n\n\n\n<p>O evento, gratuito, ter\u00e1 personagens do universo infantil caindo na folia, distribui\u00e7\u00e3o pipoca e algod\u00e3o doce, pintura facial, DJ com m\u00fasicas para dan\u00e7ar e a tradicional Banda Lira ficar\u00e1 respons\u00e1vel pelas marchinhas de carnaval. Durante a programa\u00e7\u00e3o ainda acontecer\u00e1 o aclamado desfile de fantasias.<\/p>\n\n\n\n<p>Divertir pessoas com defici\u00eancia, familiares e amigos em um encontro de alegria, com seguran\u00e7a e acessibilidade para todos \u00e9 o objetivo do evento, segundo o secret\u00e1rio da Pessoa com Defici\u00eancia, Eduardo Leite. \u201cO Carnadown \u00e9 mais do que uma oportunidade de divers\u00e3o para pessoas com S\u00edndrome de Down e seus familiares, \u00e9 uma festa que promove a inclus\u00e3o e o respeito. No Carnadown o preconceito n\u00e3o entra, fica do lado de fora\u201d, destacou o secret\u00e1rio.<\/p>\n\n\n\n<p>O uso de meias com cores e padr\u00f5es diferentes entre os p\u00e9s esquerdo e direito, al\u00e9m das fantasias, tamb\u00e9m s\u00e3o muito bem-vindas no Carnadown. O uso de meias trocadas \u00e9 uma campanha global de conscientiza\u00e7\u00e3o que chama a aten\u00e7\u00e3o &#8211; de forma l\u00fadica &#8211; para a ideia de que ser diferente \u00e9 normal.<\/p>\n\n\n\n<p><br>Al\u00e9m disso, as meias trocadas simbolizam o aspecto biol\u00f3gico da S\u00edndrome. Isso porque, vistos sob um microsc\u00f3pio, os cromossomos t\u00eam um formato que lembra muito o de uma meia. Como a S\u00edndrome de Down \u00e9 uma altera\u00e7\u00e3o gen\u00e9tica na qual a pessoa possui tr\u00eas c\u00f3pias do cromossomo 21 (em vez de duas), as meias coloridas e diferentes servem como uma representa\u00e7\u00e3o visual divertida dessa caracter\u00edstica biol\u00f3gica.<\/p>\n\n\n\n<p><br><strong>Dia Mundial &#8211;<\/strong> Em 2006, o dia 21 de mar\u00e7o foi escolhido como Dia Mundial da S\u00edndrome de Down pela Down Syndrome International, uma organiza\u00e7\u00e3o internacional que promove os direitos das pessoas com S\u00edndrome de Down, para celebrar a vida e garantir que elas tenham as mesmas liberdades e oportunidades que toda popula\u00e7\u00e3o. A data \u00e9 reconhecida pela ONU (Organiza\u00e7\u00e3o das Na\u00e7\u00f5es Unidas) desde 2011.<\/p>\n\n\n\n<p>A data de 21 de mar\u00e7o foi escolhida por representar a triplica\u00e7\u00e3o do 21\u00ba cromossomo que causa a s\u00edndrome. Em cada c\u00e9lula do indiv\u00edduo existe um total de 46 cromossomos, divididos em 23 pares. A S\u00edndrome de Down \u00e9 gerada pela presen\u00e7a de uma terceira c\u00f3pia do cromossomo 21 em todas as c\u00e9lulas do organismo (trissomia). Isso ocorre no momento da concep\u00e7\u00e3o de uma crian\u00e7a. As pessoas com trissomia do cromossomo 21 t\u00eam 47 cromossomos em suas c\u00e9lulas em vez de 46, como a maior parte da popula\u00e7\u00e3o.<\/p>\n\n\n\n<p>Servi\u00e7o:<\/p>\n\n\n\n<p><strong>Carnadown<\/strong><\/p>\n\n\n\n<p>Data: 21\/3 (s\u00e1bado)<\/p>\n\n\n\n<p>Hor\u00e1rio: das 16h \u00e0s 20h<\/p>\n\n\n\n<p>Local: Cine Theatro de Variedades Carlos Gomes<\/p>\n\n\n\n<p>Endere\u00e7o: Rua Senador Fl\u00e1quer, 110, Centro<\/p>\n\n\n\n<p>Entrada gratuita<\/p>\n","protected":false},"excerpt":{"rendered":"<p>Evento gratuito tem como objetivo promover conscientiza\u00e7\u00e3o sobre a import\u00e2ncia da inclus\u00e3o; programa\u00e7\u00e3o ter\u00e1 in\u00edcio \u00e0s 16h Santo Andr\u00e9, 18 de mar\u00e7o de 2026 &#8211; Neste s\u00e1bado (21), Dia Internacional da S\u00edndrome de Down, Santo Andr\u00e9 realiza a quarta edi\u00e7\u00e3o da folia inclusiva Carnadown, no Cine Theatro de Variedades Carlos Gomes, no Centro. Diferente das&hellip;<\/p>\n","protected":false},"author":6,"featured_media":70845,"comment_status":"closed","ping_status":"open","sticky":false,"template":"","format":"standard","meta":{"_jetpack_memberships_contains_paid_content":false,"footnotes":"","jetpack_publicize_message":"","jetpack_publicize_feature_enabled":true,"jetpack_social_post_already_shared":true,"jetpack_social_options":{"image_generator_settings":{"template":"highway","default_image_id":0,"font":"","enabled":false},"version":2}},"categories":[6],"tags":[],"class_list":["post-70841","post","type-post","status-publish","format-standard","has-post-thumbnail","hentry","category-noticias"],"jetpack_publicize_connections":[],"jetpack_featured_media_url":"https:\/\/www3.santoandre.sp.gov.br\/cultura\/wp-content\/uploads\/2026\/03\/Carnadown_Foto_Julia_Leonello-2.jpg","jetpack_sharing_enabled":true,"_links":{"self":[{"href":"https:\/\/www3.santoandre.sp.gov.br\/cultura\/wp-json\/wp\/v2\/posts\/70841","targetHints":{"allow":["GET"]}}],"collection":[{"href":"https:\/\/www3.santoandre.sp.gov.br\/cultura\/wp-json\/wp\/v2\/posts"}],"about":[{"href":"https:\/\/www3.santoandre.sp.gov.br\/cultura\/wp-json\/wp\/v2\/types\/post"}],"author":[{"embeddable":true,"href":"https:\/\/www3.santoandre.sp.gov.br\/cultura\/wp-json\/wp\/v2\/users\/6"}],"replies":[{"embeddable":true,"href":"https:\/\/www3.santoandre.sp.gov.br\/cultura\/wp-json\/wp\/v2\/comments?post=70841"}],"version-history":[{"count":1,"href":"https:\/\/www3.santoandre.sp.gov.br\/cultura\/wp-json\/wp\/v2\/posts\/70841\/revisions"}],"predecessor-version":[{"id":70846,"href":"https:\/\/www3.santoandre.sp.gov.br\/cultura\/wp-json\/wp\/v2\/posts\/70841\/revisions\/70846"}],"wp:featuredmedia":[{"embeddable":true,"href":"https:\/\/www3.santoandre.sp.gov.br\/cultura\/wp-json\/wp\/v2\/media\/70845"}],"wp:attachment":[{"href":"https:\/\/www3.santoandre.sp.gov.br\/cultura\/wp-json\/wp\/v2\/media?parent=70841"}],"wp:term":[{"taxonomy":"category","embeddable":true,"href":"https:\/\/www3.santoandre.sp.gov.br\/cultura\/wp-json\/wp\/v2\/categories?post=70841"},{"taxonomy":"post_tag","embeddable":true,"href":"https:\/\/www3.santoandre.sp.gov.br\/cultura\/wp-json\/wp\/v2\/tags?post=70841"}],"curies":[{"name":"wp","href":"https:\/\/api.w.org\/{rel}","templated":true}]}}