
{"id":70837,"date":"2026-03-17T14:04:34","date_gmt":"2026-03-17T17:04:34","guid":{"rendered":"https:\/\/www3.santoandre.sp.gov.br\/cultura\/?p=70837"},"modified":"2026-03-18T14:13:30","modified_gmt":"2026-03-18T17:13:30","slug":"teatros-de-santo-andre-tem-programacao-variada-nesta-semana","status":"publish","type":"post","link":"https:\/\/www3.santoandre.sp.gov.br\/cultura\/2026\/03\/17\/teatros-de-santo-andre-tem-programacao-variada-nesta-semana\/","title":{"rendered":"Teatros de Santo Andr\u00e9 t\u00eam programa\u00e7\u00e3o variada nesta semana"},"content":{"rendered":"\n<p><em>Atra\u00e7\u00f5es incluem festival, cinema, teatro, com\u00e9dia stand up e at\u00e9 carnaval fora de \u00e9poca<\/em><\/p>\n\n\n\n<p>Santo Andr\u00e9, 17 de mar\u00e7o de 2026 \u2013 Todos os tipos de p\u00fablico ser\u00e3o contemplados nos teatros de Santo Andr\u00e9 nesta semana. A programa\u00e7\u00e3o conta com atra\u00e7\u00f5es que v\u00e3o desde a exibi\u00e7\u00e3o de filme da Mostra de Diretoras Mulheres \u00e0 feira de empreendedores do Festival Multicultural, passando pelo stand-up com molho baiano de Jhordan Matheus, pela folia do Carnadown, at\u00e9 a tragicom\u00e9dia do espet\u00e1culo \u2018Caf\u00e9 com Leite\u2019 al\u00e9m da completa com\u00e9dia sobre as agruras do climat\u00e9rio em \u2018Mulheres em Chamas\u2019.<\/p>\n\n\n\n<p>\u00c9 o Teatro Municipal Maestro Fl\u00e1vio Florence, no Pa\u00e7o Municipal, que recebe a abertura desta programa\u00e7\u00e3o, na quarta-feira (18), abrindo espa\u00e7o aos empreendedores da cidade em seu sagu\u00e3o, das 10h \u00e0s 18h, em mais um Festival Multicultural. A iniciativa reunir\u00e1 24 expositores nesta edi\u00e7\u00e3o, com op\u00e7\u00f5es de artesanato, acess\u00f3rios, decora\u00e7\u00e3o, cosm\u00e9ticos naturais, doces, p\u00e3es e gastronomia artesanal.<\/p>\n\n\n\n<p>Na quinta-feira (19), o Cine Theatro de Variedades Carlos Gomes, no Centro, realiza o j\u00e1 tradicional \u201cCinem\u00e3o de Quinta\u201d, que neste m\u00eas de mar\u00e7o homenageia as mulheres na Mostra de Diretoras Mulheres. A com\u00e9dia \u201cAs melhores coisas do mundo\u201d, dirigida por La\u00eds Bodanzky, ser\u00e1 exibida a partir das 19h30. O filme acompanha um m\u00eas da vida de Mano (Francisco Miguez), adolescente que representa o substrato de todas as ang\u00fastias e problemas da idade. A exibi\u00e7\u00e3o \u00e9 fruto de uma parceria da Prefeitura de Santo Andr\u00e9, por meio da secretaria de Cultura, com o programa de difus\u00e3o cultural Pontos MIS (Museu da Imagem e do Som).<\/p>\n\n\n\n<p>No mesmo dia 19, quem prefere dar risada ao vivo pode conferir o espet\u00e1culo de stand up \u201cPassando de Fase\u201d, de Jordham Matheus, no Teatro Municipal Maestro Flavio Florence, \u00e0s 20h. O comediante, que iniciou sua carreira na Bahia, agora est\u00e1 em turn\u00ea com seu novo show, no qual explora, com humor, temas variados que v\u00e3o desde paternidade at\u00e9 vida extraterrestre. Jhordan Matheus atua h\u00e1 nove anos como comediante de stand up e foi atrav\u00e9s da sua viv\u00eancia com as pessoas da periferia de sua terra natal, Salvador (BA), que a sua identifica\u00e7\u00e3o com a arte aflorou e se firmou. Ingressos de R$ 100 a R$ 40 (meia tribuna) dispon\u00edveis no site Bilheteria Express.<\/p>\n\n\n\n<p>Classificada como tragicom\u00e9dia, a pe\u00e7a \u2018Caf\u00e9 com Leite\u2019, da produtora Alvorada Cultural, se apresenta no Teatro Conchita de Moraes, em Santa Terezinha, tamb\u00e9m na quinta-feira (19), em uma sess\u00e3o gratuita \u00e0s 16h, e outra sess\u00e3o \u00e0s 20h, esta com ingressos a R$ 40 na bilheteria &#8211; ou a R$30 antecipadamente. H\u00e1 tamb\u00e9m op\u00e7\u00e3o de adquirir o bilhete solid\u00e1rio por R$20 mais 2 kg de alimento n\u00e3o perec\u00edvel. Na sexta-feira (20), o mesmo espet\u00e1culo migra para o Cine Theattro Carlos Gomes, no Centro. As apresenta\u00e7\u00f5es tamb\u00e9m ser\u00e3o \u00e0s 16h e \u00e0s 20h, com os mesmos valores. Os ingressos podem ser adquiridos na plataforma Sympla.<\/p>\n\n\n\n<p>No s\u00e1bado (21), \u00e0s 20h, e no domingo (22), \u00e0s 17h e 19h, o espet\u00e1culo ainda ter\u00e1 exibi\u00e7\u00f5es gratuitas no CEU Ana Maria, no Jardim Ana Maria. \u2018Caf\u00e9 com Leite\u2019 traz um enredo baseado na rotina de um homem gay que vive com o pai idoso e um papagaio falante e esse conv\u00edvio levanta tens\u00f5es entre fam\u00edlia, trabalho e amor n\u00e3o correspondido. Entre humor e dor, o protagonista confronta a solid\u00e3o, o preconceito e a busca por aceita\u00e7\u00e3o e liberdade.<\/p>\n\n\n\n<p>J\u00e1 no s\u00e1bado (21), ser\u00e1 a folia quem vai dar as caras no Cine Theatro de Variedades Carlos Gomes. O equipamento cultural recebe a terceira edi\u00e7\u00e3o do Carnadown \u2013 O Carnaval para Todos, das 16h \u00e0s 20h. Esta festa de carnaval fora de \u00e9poca tem como objetivo reunir pessoas com defici\u00eancia, familiares e amigos em um encontro de alegria, divers\u00e3o, com tranq\u00fcilidade e acessibilidade, que tamb\u00e9m refor\u00e7a a import\u00e2ncia da inclus\u00e3o.<\/p>\n\n\n\n<p>A semana termina com o sucesso de p\u00fablico \u201cMulheres em Chamas\u201d, uma com\u00e9dia sobre a menopausa, liberdade e recome\u00e7o, criada e protagonizada pelas atrizes Mi\u00e1 Mello, Camila Raanti e Juliana Araripe no Teatro Municipal Maestro Fl\u00e1vio Florence. Com sess\u00f5es no s\u00e1bado (21), \u00e0s 18h e \u00e0s 20h, e no domingo (22), \u00e0s 18h, a montagem aborda com humor e afeto um tema ainda cercado de tabu. Tr\u00eas mulheres 40+, presas em um elevador. Assim come\u00e7a o espet\u00e1culo que traz \u00e0 cena um tema urgente e ainda pouco representado: a menopausa. Ingressos de R$ 120 a R$ 60 na plataforma Bilheteria Express.<\/p>\n\n\n\n<p>Servi\u00e7o:<\/p>\n\n\n\n<p><strong>Festival Multicultural<\/strong><\/p>\n\n\n\n<p>Data: 18\/3 (quarta-feira)<\/p>\n\n\n\n<p>Hor\u00e1rio: das 10h \u00e0s 16h<\/p>\n\n\n\n<p>Local: Sagu\u00e3o do Teatro Municipal Maestro Flavio Florence<\/p>\n\n\n\n<p>Endere\u00e7o: Pra\u00e7a IV Centen\u00e1rio, s\/n, Centro<\/p>\n\n\n\n<p>Gratuito<\/p>\n\n\n\n<p><strong>Cinem\u00e3o de Quinta | Especial \u2018Mostra de Diretoras Mulheres\u2019<\/strong><\/p>\n\n\n\n<p>Filme: \u2018As Melhores Coisas do Mundo\u2019 (Pontos MIS)<\/p>\n\n\n\n<p>Data: 19\/3 (quinta-feira)<\/p>\n\n\n\n<p>Hor\u00e1rio: 19h30<\/p>\n\n\n\n<p>Local: Cine Theatro de Variedades Carlos Gomes<\/p>\n\n\n\n<p>Endere\u00e7o: Rua Senador Fl\u00e1quer, 110, Centro<\/p>\n\n\n\n<p>Gratuito<\/p>\n\n\n\n<p><strong>Stand Up \u2018Passando de fase\u2019, com Jhordan Matheus<\/strong><\/p>\n\n\n\n<p>Data: 19\/3 (quinta-feira)<\/p>\n\n\n\n<p>Hor\u00e1rio: 20h<\/p>\n\n\n\n<p>Local:Teatro Municipal Maestro Flavio Florence<\/p>\n\n\n\n<p>Endere\u00e7o: Pra\u00e7a IV Centen\u00e1rio, s\/n<\/p>\n\n\n\n<p>Ingressos: R$ 100 (plateia), R$ 80 (tribuna), R$ 50 (meia plateia) e R$ 40 (meia tribuna), em Bilheteria Express<\/p>\n\n\n\n<p><strong>Espet\u00e1culo \u2018Caf\u00e9 com Leite\u2019, com a Alvorada Cultural<\/strong><\/p>\n\n\n\n<p>Data: 19\/3 (quinta-feira)<\/p>\n\n\n\n<p>Hor\u00e1rios: \u00e0s 16h e \u00e0s 20h<\/p>\n\n\n\n<p>Local: Teatro Conchita de Moraes<\/p>\n\n\n\n<p>Endere\u00e7o: Pra\u00e7a Rui Barbosa, 12, Santa Teresinha<\/p>\n\n\n\n<p>Ingressos: 16h (gratuito); 20h (R$ 40, R$ 30 \u2013 antecipado &#8211; e R$ 20 &#8211; solid\u00e1rio + 2kg de alimento), em Sympla<\/p>\n\n\n\n<p><strong>Espet\u00e1culo \u2018Caf\u00e9 com Leite\u2019, com a Alvorada Cultural<\/strong><\/p>\n\n\n\n<p>Data: 20\/3 (sexta-feira)<\/p>\n\n\n\n<p>Hor\u00e1rio; \u00e0s 16h e \u00e0s 20h<\/p>\n\n\n\n<p>Local: Cine Theatro de Variedades Carlos Gomes<\/p>\n\n\n\n<p>Endere\u00e7o: Rua Senador Fl\u00e1quer, 110, Centro<\/p>\n\n\n\n<p>Ingressos: 16h (gratuito); 20h (R$ 40, R$ 30 \u2013 antecipado &#8211; e R$ 20 &#8211; solid\u00e1rio + 2kg de alimento), em Sympla<\/p>\n\n\n\n<p><strong>Espet\u00e1culo \u2018Caf\u00e9 com Leite\u2019, com a Alvorada Cultural<\/strong><\/p>\n\n\n\n<p>Datas: 21\/3 (s\u00e1bado) e 22\/3 (domingo)<\/p>\n\n\n\n<p>Hor\u00e1rios: s\u00e1bado, \u00e0s 20h; domingo, \u00e0s 17h e \u00e0s 19h<\/p>\n\n\n\n<p>Local: CEU Ana Maria<\/p>\n\n\n\n<p>Pra\u00e7a Ven\u00e2ncio Neto, s\/n, Jardim Ana Maria<\/p>\n\n\n\n<p>Gratuito<\/p>\n\n\n\n<p><strong>Carnadown \u2013 O Carnaval para todos!<\/strong><\/p>\n\n\n\n<p>Data: 21\/3 (s\u00e1bado)<\/p>\n\n\n\n<p>Hor\u00e1rio: das 16h \u00e0s 20h<\/p>\n\n\n\n<p>Local: Cine Theatro de Variedades Carlos Gomes<\/p>\n\n\n\n<p>Endere\u00e7o: Rua Senador Fl\u00e1quer, 110, centro<\/p>\n\n\n\n<p>Gratuito<\/p>\n\n\n\n<p><strong>Espet\u00e1culo \u2018Mulheres em Chamas\u2019, com Mi\u00e1 Mello, Camila Raffanti e Juliana Araripe<\/strong><\/p>\n\n\n\n<p>Data: 21\/3 (s\u00e1bado) e 22\/3 (domingo)<\/p>\n\n\n\n<p>Hor\u00e1rios: s\u00e1bado, \u00e0s 18h e \u00e0s 20h; domingo, \u00e0s 18h<\/p>\n\n\n\n<p>Local: Teatro Municipal Maestro Flavio Florence<\/p>\n\n\n\n<p>Endere\u00e7o: Pra\u00e7a IV Centen\u00e1rio, s\/n, centro<\/p>\n\n\n\n<p>Ingressos: R$ 120, R$ 100 (antecipado at\u00e9 20\/03) e R$ 60 (meia), em Bilheteria Express<\/p>\n","protected":false},"excerpt":{"rendered":"<p>Atra\u00e7\u00f5es incluem festival, cinema, teatro, com\u00e9dia stand up e at\u00e9 carnaval fora de \u00e9poca Santo Andr\u00e9, 17 de mar\u00e7o de 2026 \u2013 Todos os tipos de p\u00fablico ser\u00e3o contemplados nos teatros de Santo Andr\u00e9 nesta semana. A programa\u00e7\u00e3o conta com atra\u00e7\u00f5es que v\u00e3o desde a exibi\u00e7\u00e3o de filme da Mostra de Diretoras Mulheres \u00e0 feira&hellip;<\/p>\n","protected":false},"author":6,"featured_media":70839,"comment_status":"closed","ping_status":"open","sticky":false,"template":"","format":"standard","meta":{"_jetpack_memberships_contains_paid_content":false,"footnotes":"","jetpack_publicize_message":"","jetpack_publicize_feature_enabled":true,"jetpack_social_post_already_shared":true,"jetpack_social_options":{"image_generator_settings":{"template":"highway","default_image_id":0,"font":"","enabled":false},"version":2}},"categories":[6,1],"tags":[],"class_list":["post-70837","post","type-post","status-publish","format-standard","has-post-thumbnail","hentry","category-noticias","category-sem-categoria"],"jetpack_publicize_connections":[],"jetpack_featured_media_url":"https:\/\/www3.santoandre.sp.gov.br\/cultura\/wp-content\/uploads\/2026\/03\/Cafe_com_Leite2_Foto_Divulgacao.jpg","jetpack_sharing_enabled":true,"_links":{"self":[{"href":"https:\/\/www3.santoandre.sp.gov.br\/cultura\/wp-json\/wp\/v2\/posts\/70837","targetHints":{"allow":["GET"]}}],"collection":[{"href":"https:\/\/www3.santoandre.sp.gov.br\/cultura\/wp-json\/wp\/v2\/posts"}],"about":[{"href":"https:\/\/www3.santoandre.sp.gov.br\/cultura\/wp-json\/wp\/v2\/types\/post"}],"author":[{"embeddable":true,"href":"https:\/\/www3.santoandre.sp.gov.br\/cultura\/wp-json\/wp\/v2\/users\/6"}],"replies":[{"embeddable":true,"href":"https:\/\/www3.santoandre.sp.gov.br\/cultura\/wp-json\/wp\/v2\/comments?post=70837"}],"version-history":[{"count":1,"href":"https:\/\/www3.santoandre.sp.gov.br\/cultura\/wp-json\/wp\/v2\/posts\/70837\/revisions"}],"predecessor-version":[{"id":70840,"href":"https:\/\/www3.santoandre.sp.gov.br\/cultura\/wp-json\/wp\/v2\/posts\/70837\/revisions\/70840"}],"wp:featuredmedia":[{"embeddable":true,"href":"https:\/\/www3.santoandre.sp.gov.br\/cultura\/wp-json\/wp\/v2\/media\/70839"}],"wp:attachment":[{"href":"https:\/\/www3.santoandre.sp.gov.br\/cultura\/wp-json\/wp\/v2\/media?parent=70837"}],"wp:term":[{"taxonomy":"category","embeddable":true,"href":"https:\/\/www3.santoandre.sp.gov.br\/cultura\/wp-json\/wp\/v2\/categories?post=70837"},{"taxonomy":"post_tag","embeddable":true,"href":"https:\/\/www3.santoandre.sp.gov.br\/cultura\/wp-json\/wp\/v2\/tags?post=70837"}],"curies":[{"name":"wp","href":"https:\/\/api.w.org\/{rel}","templated":true}]}}