
{"id":70834,"date":"2026-03-13T16:34:00","date_gmt":"2026-03-13T19:34:00","guid":{"rendered":"https:\/\/www3.santoandre.sp.gov.br\/cultura\/?p=70834"},"modified":"2026-03-17T16:39:19","modified_gmt":"2026-03-17T19:39:19","slug":"santo-andre-recebe-evento-feminino-o-som-das-mina","status":"publish","type":"post","link":"https:\/\/www3.santoandre.sp.gov.br\/cultura\/2026\/03\/13\/santo-andre-recebe-evento-feminino-o-som-das-mina\/","title":{"rendered":"Santo Andr\u00e9 recebe evento feminino \u2018O Som das Mina\u2019"},"content":{"rendered":"\n<p><em>Seis bandas de rock, contando com integrantes mulheres, se apresentam no Cine Theatro Carlos Gomes<\/em><\/p>\n\n\n\n<p>Santo Andr\u00e9, 13 de mar\u00e7o de 2026 \u2013 Com atitude, m\u00fasica, entretenimento e barulho de qualidade, o Cine Theatro de Variedades Carlos Gomes recebe neste domingo (15) o Festival de Rock \u2018O Som das Mina\u2019, a partir das 12h at\u00e9 \u00e0s 21h, em comemora\u00e7\u00e3o ao M\u00eas da Mulher. O evento destina-se ao p\u00fablico de faixa et\u00e1ria a partir dos 16 anos e ter\u00e1 entrada gratuita, sendo sugerida a entrega de alimentos para arrecada\u00e7\u00e3o \u00e0s fam\u00edlias em vulnerabilidade social.<\/p>\n\n\n\n<p>O festival contar\u00e1 com bandas de rock formadas integral ou parcialmente por mulheres: Lorena T\u00e1 Com Fome, Insones, Versaille Waltz, Ratas Rabiosas, Trassas e Flor ET. Cada banda ter\u00e1 45 minutos de apresenta\u00e7\u00e3o focando em fortalecer o underground regional, conhecido pelo hist\u00f3rico de eventos de rock de grande repercuss\u00e3o na cena musical paulista.<\/p>\n\n\n\n<p>A banda Lorena T\u00e1 Com Fome traz um punk rock autoral, repleto de energia e letras marcantes. Os Insones deixam seu recado trazendo um rock mais brasileiro e soul. O Versaile Waltz traz o chamado \u201cdark-alt-rock\u201d ou o rock alternativo sombrio. O grupo Ratas Rabiosas, por sua vez, apresenta um hardcore punk, cheio de atitude e mensagens politizadas. J\u00e1 o Trassas, re\u00fane uma banda pesada no estilo crust punk, que j\u00e1 ultrapassa os 25 anos de atua\u00e7\u00e3o. Por fim, o Flor ET, de Porto Alegre (RS), canta temas existenciais e sociais, acompanhados de uma diversidade sonora e performance hipn\u00f3tica.<\/p>\n\n\n\n<p>O evento \u00e9 aberto a todo o p\u00fablico e contar\u00e1 com \u00e1rea externa com oferta de gastronomia, al\u00e9m de arte e moda.<\/p>\n\n\n\n<p>Servi\u00e7o:<\/p>\n\n\n\n<p><strong>Festival \u2018O Som das Mina\u2019<\/strong><\/p>\n\n\n\n<p>Bandas: Lorena T\u00e1 Com Fome, Insones, Versaille Waltz, Ratas Rabiosas, Trassas e Flor ET<\/p>\n\n\n\n<p>Data: 15\/3 (domingo)<\/p>\n\n\n\n<p>Hor\u00e1rio: das 12h \u00e0s 21h<\/p>\n\n\n\n<p>Local: Cine Theatro de Variedades Carlos Gomes<\/p>\n\n\n\n<p>Endere\u00e7o: Rua Senador Fl\u00e1quer, 110, Centro<\/p>\n\n\n\n<p>Ingressos: Gratuitos (se poss\u00edvel, contribuir com 1 kg de alimento)<\/p>\n","protected":false},"excerpt":{"rendered":"<p>Seis bandas de rock, contando com integrantes mulheres, se apresentam no Cine Theatro Carlos Gomes Santo Andr\u00e9, 13 de mar\u00e7o de 2026 \u2013 Com atitude, m\u00fasica, entretenimento e barulho de qualidade, o Cine Theatro de Variedades Carlos Gomes recebe neste domingo (15) o Festival de Rock \u2018O Som das Mina\u2019, a partir das 12h at\u00e9&hellip;<\/p>\n","protected":false},"author":6,"featured_media":70835,"comment_status":"closed","ping_status":"open","sticky":false,"template":"","format":"standard","meta":{"_jetpack_memberships_contains_paid_content":false,"footnotes":"","jetpack_publicize_message":"","jetpack_publicize_feature_enabled":true,"jetpack_social_post_already_shared":true,"jetpack_social_options":{"image_generator_settings":{"template":"highway","default_image_id":0,"font":"","enabled":false},"version":2}},"categories":[6],"tags":[],"class_list":["post-70834","post","type-post","status-publish","format-standard","has-post-thumbnail","hentry","category-noticias"],"jetpack_publicize_connections":[],"jetpack_featured_media_url":"https:\/\/www3.santoandre.sp.gov.br\/cultura\/wp-content\/uploads\/2026\/03\/Ratas_Rabiosas_Foto_Divulgacao.jpg","jetpack_sharing_enabled":true,"_links":{"self":[{"href":"https:\/\/www3.santoandre.sp.gov.br\/cultura\/wp-json\/wp\/v2\/posts\/70834","targetHints":{"allow":["GET"]}}],"collection":[{"href":"https:\/\/www3.santoandre.sp.gov.br\/cultura\/wp-json\/wp\/v2\/posts"}],"about":[{"href":"https:\/\/www3.santoandre.sp.gov.br\/cultura\/wp-json\/wp\/v2\/types\/post"}],"author":[{"embeddable":true,"href":"https:\/\/www3.santoandre.sp.gov.br\/cultura\/wp-json\/wp\/v2\/users\/6"}],"replies":[{"embeddable":true,"href":"https:\/\/www3.santoandre.sp.gov.br\/cultura\/wp-json\/wp\/v2\/comments?post=70834"}],"version-history":[{"count":1,"href":"https:\/\/www3.santoandre.sp.gov.br\/cultura\/wp-json\/wp\/v2\/posts\/70834\/revisions"}],"predecessor-version":[{"id":70836,"href":"https:\/\/www3.santoandre.sp.gov.br\/cultura\/wp-json\/wp\/v2\/posts\/70834\/revisions\/70836"}],"wp:featuredmedia":[{"embeddable":true,"href":"https:\/\/www3.santoandre.sp.gov.br\/cultura\/wp-json\/wp\/v2\/media\/70835"}],"wp:attachment":[{"href":"https:\/\/www3.santoandre.sp.gov.br\/cultura\/wp-json\/wp\/v2\/media?parent=70834"}],"wp:term":[{"taxonomy":"category","embeddable":true,"href":"https:\/\/www3.santoandre.sp.gov.br\/cultura\/wp-json\/wp\/v2\/categories?post=70834"},{"taxonomy":"post_tag","embeddable":true,"href":"https:\/\/www3.santoandre.sp.gov.br\/cultura\/wp-json\/wp\/v2\/tags?post=70834"}],"curies":[{"name":"wp","href":"https:\/\/api.w.org\/{rel}","templated":true}]}}