
{"id":70831,"date":"2026-03-12T15:22:50","date_gmt":"2026-03-12T18:22:50","guid":{"rendered":"https:\/\/www3.santoandre.sp.gov.br\/cultura\/?p=70831"},"modified":"2026-03-17T15:30:33","modified_gmt":"2026-03-17T18:30:33","slug":"sarau-da-biblioteca-cecilia-meireles-traz-edicao-especial-dedicada-as-mulheres","status":"publish","type":"post","link":"https:\/\/www3.santoandre.sp.gov.br\/cultura\/2026\/03\/12\/sarau-da-biblioteca-cecilia-meireles-traz-edicao-especial-dedicada-as-mulheres\/","title":{"rendered":"Sarau da Biblioteca Cec\u00edlia Meireles traz edi\u00e7\u00e3o especial dedicada \u00e0s mulheres"},"content":{"rendered":"\n<p><em>Evento ocorre neste s\u00e1bado, das 13h30 \u00e0s 17h, com lan\u00e7amento do Livro \u2018Retalhos Po\u00e9ticos\u2019, de Izabel Cristina Macedo Amaral<\/em><\/p>\n\n\n\n<p>Santo Andr\u00e9, 12 de mar\u00e7o de 2026 \u2013 A edi\u00e7\u00e3o deste s\u00e1bado (14) do Sarau da Biblioteca Cec\u00edlia Meireles, em Santo Andr\u00e9, ser\u00e1 dedicado ao m\u00eas das mulheres. Entre a rica programa\u00e7\u00e3o, com m\u00fasica, poema e hist\u00f3rias, esta edi\u00e7\u00e3o \u2013 das 13h30 \u00e0s 17h \u2013 traz ainda lan\u00e7amento do Livro \u2018Retalhos Po\u00e9ticos\u2019, de Izabel Cristina Macedo Amaral.<\/p>\n\n\n\n<p>O livro traz retalhos po\u00e9ticos de sonhos, lutas, dores, conquistas, costurados com diversos sentimentos, tais como alegria, f\u00e9, esperan\u00e7a e coragem. Faz o leitor se perguntar sobre o sentido da vida e resgatar seus anseios, suas mem\u00f3rias, al\u00e9m de convid\u00e1-lo a tecer uma nova hist\u00f3ria. Um convite para sonhar, esperan\u00e7ar e rimar.<\/p>\n\n\n\n<p>O sarau \u00e9 gratuito para todos os p\u00fablicos e ainda contar\u00e1 com o microfone aberto a qualquer pessoa que deseje participar com a sua arte, sem necessidade de inscri\u00e7\u00e3o pr\u00e9via.<\/p>\n\n\n\n<p>Biblioteca Cec\u00edlia Meireles &#8211; Al\u00e9m do sarau, o equipamento cultural vem promovendo oficinas, grupos de mem\u00f3ria do bairro, atividades de leitura e outras a\u00e7\u00f5es que fortalecem o v\u00ednculo com a comunidade e valorizam a cultura local.<\/p>\n\n\n\n<p>Servi\u00e7o:<\/p>\n\n\n\n<p><strong>Sarau da Biblioteca Cec\u00edlia Meireles<\/strong><\/p>\n\n\n\n<p>Lan\u00e7amento do Livro \u2018Retalhos Po\u00e9ticos\u2019, de Izabel Cristina Macedo Amaral<\/p>\n\n\n\n<p>Data: 14\/3 (s\u00e1bado)<\/p>\n\n\n\n<p>Hor\u00e1rio: das 13h30 \u00e0s 17h<\/p>\n\n\n\n<p>Endere\u00e7o: Pra\u00e7a Waldemar Soares, s\/n &#8211; Parque das Na\u00e7\u00f5es<\/p>\n\n\n\n<p>Classifica\u00e7\u00e3o Livre<\/p>\n\n\n\n<p>Entrada gratuita<\/p>\n","protected":false},"excerpt":{"rendered":"<p>Evento ocorre neste s\u00e1bado, das 13h30 \u00e0s 17h, com lan\u00e7amento do Livro \u2018Retalhos Po\u00e9ticos\u2019, de Izabel Cristina Macedo Amaral Santo Andr\u00e9, 12 de mar\u00e7o de 2026 \u2013 A edi\u00e7\u00e3o deste s\u00e1bado (14) do Sarau da Biblioteca Cec\u00edlia Meireles, em Santo Andr\u00e9, ser\u00e1 dedicado ao m\u00eas das mulheres. Entre a rica programa\u00e7\u00e3o, com m\u00fasica, poema e&hellip;<\/p>\n","protected":false},"author":6,"featured_media":70832,"comment_status":"closed","ping_status":"open","sticky":false,"template":"","format":"standard","meta":{"_jetpack_memberships_contains_paid_content":false,"footnotes":"","jetpack_publicize_message":"","jetpack_publicize_feature_enabled":true,"jetpack_social_post_already_shared":true,"jetpack_social_options":{"image_generator_settings":{"template":"highway","default_image_id":0,"font":"","enabled":false},"version":2}},"categories":[6],"tags":[],"class_list":["post-70831","post","type-post","status-publish","format-standard","has-post-thumbnail","hentry","category-noticias"],"jetpack_publicize_connections":[],"jetpack_featured_media_url":"https:\/\/www3.santoandre.sp.gov.br\/cultura\/wp-content\/uploads\/2026\/03\/Sarau-da-Biblioteca-Cecilia-Meireles-traz-edicao-especial-dedicada-as-mulheres_Foto_HelberAggio_PSA-1.jpeg","jetpack_sharing_enabled":true,"_links":{"self":[{"href":"https:\/\/www3.santoandre.sp.gov.br\/cultura\/wp-json\/wp\/v2\/posts\/70831","targetHints":{"allow":["GET"]}}],"collection":[{"href":"https:\/\/www3.santoandre.sp.gov.br\/cultura\/wp-json\/wp\/v2\/posts"}],"about":[{"href":"https:\/\/www3.santoandre.sp.gov.br\/cultura\/wp-json\/wp\/v2\/types\/post"}],"author":[{"embeddable":true,"href":"https:\/\/www3.santoandre.sp.gov.br\/cultura\/wp-json\/wp\/v2\/users\/6"}],"replies":[{"embeddable":true,"href":"https:\/\/www3.santoandre.sp.gov.br\/cultura\/wp-json\/wp\/v2\/comments?post=70831"}],"version-history":[{"count":1,"href":"https:\/\/www3.santoandre.sp.gov.br\/cultura\/wp-json\/wp\/v2\/posts\/70831\/revisions"}],"predecessor-version":[{"id":70833,"href":"https:\/\/www3.santoandre.sp.gov.br\/cultura\/wp-json\/wp\/v2\/posts\/70831\/revisions\/70833"}],"wp:featuredmedia":[{"embeddable":true,"href":"https:\/\/www3.santoandre.sp.gov.br\/cultura\/wp-json\/wp\/v2\/media\/70832"}],"wp:attachment":[{"href":"https:\/\/www3.santoandre.sp.gov.br\/cultura\/wp-json\/wp\/v2\/media?parent=70831"}],"wp:term":[{"taxonomy":"category","embeddable":true,"href":"https:\/\/www3.santoandre.sp.gov.br\/cultura\/wp-json\/wp\/v2\/categories?post=70831"},{"taxonomy":"post_tag","embeddable":true,"href":"https:\/\/www3.santoandre.sp.gov.br\/cultura\/wp-json\/wp\/v2\/tags?post=70831"}],"curies":[{"name":"wp","href":"https:\/\/api.w.org\/{rel}","templated":true}]}}