
{"id":11673,"date":"2021-04-13T10:17:46","date_gmt":"2021-04-13T13:17:46","guid":{"rendered":"https:\/\/www3.santoandre.sp.gov.br\/agendacultural\/?p=11673"},"modified":"2021-04-13T10:17:46","modified_gmt":"2021-04-13T13:17:46","slug":"ao-completar-50-anos-teatro-municipal-de-santo-andre-recebe-serie-de-melhorias","status":"publish","type":"post","link":"https:\/\/www3.santoandre.sp.gov.br\/cultura\/2021\/04\/13\/ao-completar-50-anos-teatro-municipal-de-santo-andre-recebe-serie-de-melhorias\/","title":{"rendered":"Ao completar 50 anos, Teatro Municipal de Santo Andr\u00e9 recebe s\u00e9rie de melhorias"},"content":{"rendered":"<p style=\"text-align: center;\"><em>No anivers\u00e1rio de 468 da cidade, espa\u00e7o cultural recebe restauro das 468 poltronas; outras melhorias est\u00e3o previstas para o equipamento, reconhecido por sua ac\u00fastica perfeita<\/em><\/p>\n<p>&nbsp;<\/p>\n<p><strong>Santo Andr\u00e9, 12 de abril de 2021 \u2013<\/strong> Principal espa\u00e7o cultural da cidade, o Teatro Municipal de Santo Andr\u00e9 completa 50 anos de sua inaugura\u00e7\u00e3o nesta ter\u00e7a-feira (13). A data \u00e9 marcada por s\u00e9rie de melhorias no espa\u00e7o que est\u00e3o sendo realizadas pela Prefeitura, entre elas o restauro de todas as poltronas.<\/p>\n<p>\u201cO Teatro Municipal Flavio Florence \u00e9 um dos equipamentos culturais mais importantes da nossa cidade. Palco de grandes espet\u00e1culos, faz parte da mem\u00f3ria da nossa gente. Por isso, \u00e9 mais um s\u00edmbolo que Santo Andr\u00e9 resgata. Quando a pandemia passar, o Teatro Municipal estar\u00e1 pronto para receber novas atra\u00e7\u00f5es e a continuar a fazer parte da vida dos andreenses\u201d, afirmou o prefeito Paulo Serra.<\/p>\n<p>O projeto arquitet\u00f4nico do Teatro Municipal andreense foi elaborado, juntamente com o conjunto do Centro C\u00edvico, pela empresa Rino Levi Arquitetos Associados e pelo paisagista Roberto Burle Marx, vendedores de um concurso p\u00fablico para projetos lan\u00e7ado pela Prefeitura em 1964.<\/p>\n<p>A proposta foi aprovada no ano seguinte. A constru\u00e7\u00e3o durou quatro anos, mas a entrega do espa\u00e7o, adiada por duas vezes, s\u00f3 aconteceu em 1971, quando os equipamentos, importados, j\u00e1 estavam devidamente instalados. Um dos destaques do local \u00e9 a ac\u00fastica, considerada perfeita e elogiada por atores, produtores e t\u00e9cnicos. O projeto \u00e9 de Igor Sresnewsky, arquiteto com vasto curr\u00edculo especializado em trabalhos ac\u00fasticos para teatros. As instala\u00e7\u00f5es teatrais ficaram a cargo de Aldo Calvo, cen\u00f3grafo de renome internacional em montagem de teatros.<\/p>\n<p>A inaugura\u00e7\u00e3o foi realizada em grande estilo em 13 de abril de 1971, com a estreia da pe\u00e7a &#8220;Guerra do Cansa Cavalo&#8221;, texto de Osman Lins com produ\u00e7\u00e3o do Grupo Teatro da Cidade (GTC). A apresenta\u00e7\u00e3o contou com a participa\u00e7\u00e3o de atores como Antonio Chiarelli, Antonio Petrin, Augusto Maciel, Claudio Corr\u00eaa e Castro e Sonia Guedes. A programa\u00e7\u00e3o especial seguiu durante aquele m\u00eas com a apresenta\u00e7\u00e3o da Orquestra Sinf\u00f4nica de S\u00e3o Paulo, do Corpo de Baile do Teatro Municipal de S\u00e3o Paulo, do Coral Paulistano e da Orquestra Jovem de S\u00e3o Paulo.<\/p>\n<p>Palco de apresenta\u00e7\u00f5es e espet\u00e1culos teatrais de renome nacional desde o primeiro dia, nestes 50 anos o Teatro Municipal recebeu ainda shows musicais nacionais e internacionais. O espa\u00e7o \u00e9 ainda a casa da Orquestra Sinf\u00f4nica da cidade desde sua cria\u00e7\u00e3o, em 1987, al\u00e9m de reuni\u00f5es e encontros dos mais diversos temas.<\/p>\n<p><strong>Melhorias \u2013<\/strong> No m\u00eas em que o teatro completa 50 anos, a Prefeitura de Santo Andr\u00e9 entrega algumas das melhorias previstas para o espa\u00e7o. A principal, a restaura\u00e7\u00e3o das poltronas entregues no \u00faltima quinta-feira (8), no anivers\u00e1rio de 468 anos da cidade. O restauro resgatou o desenho original das poltronas, elaborado pelo designer-arquiteto Jorge Zalszupin para a empresa L&#8217;Atelier.<\/p>\n<p>\u201cO Teatro Municipal \u00e9 um s\u00edmbolo de Santo Andr\u00e9. \u00c9 muito especial podermos realizar, neste marco dos 50 anos, melhoria t\u00e3o significativa como o restauro das poltronas, demanda expressiva do p\u00fablico\u201d, explicou a secret\u00e1ria de Cultura, Simone Z\u00e1rate.<\/p>\n<p>O trabalho incluiu desde o tratamento da estrutura, assentos rebat\u00edveis, enchimento em espuma D30 e o revestimento em couro ecol\u00f3gico cor Orion Ocre, tom original \u00e0 \u00e9poca da inaugura\u00e7\u00e3o do teatro. O total de 468 lugares inclui seis destinados para pessoas obesas e foram mantidos ainda os dois espa\u00e7os na tribuna para cadeirantes.<\/p>\n<p>Outro servi\u00e7o j\u00e1 executado no importante espa\u00e7o cultural da cidade foi a troca da cobertura do teatro. Est\u00e3o previstas ainda outras a\u00e7\u00f5es, como a impermeabiliza\u00e7\u00e3o, revitaliza\u00e7\u00e3o do sagu\u00e3o, readequa\u00e7\u00e3o da bilheteria, revitaliza\u00e7\u00e3o e readequa\u00e7\u00e3o do sistema de ilumina\u00e7\u00e3o c\u00eanica e sonoriza\u00e7\u00e3o e da ilumina\u00e7\u00e3o ambiente, al\u00e9m da garantia de acessibilidade total ao p\u00fablico.<\/p>\n<p><strong>Estrutura \u2013<\/strong> O Teatro Municipal foi constru\u00eddo em forma hexagonal. Conta com tr\u00eas palcos de funcionamento simult\u00e2neo, sendo que a abertura da boca de cena do palco central \u00e9 regul\u00e1vel de acordo com as exig\u00eancias do espet\u00e1culo a ser montado.<\/p>\n<p>As dimens\u00f5es chamam a aten\u00e7\u00e3o: o palco central tem 200 metros quadrados, com abertura e profundidade de 12 metros, altura de 6 metros com urdimento de 17 metros; o dois palcos laterais t\u00eam 162 metros quadrados cada um, abertura de 11 metros, profundidade de 10 metros, altura de 6 metros e altura com urdimento de 14,5 metros. H\u00e1 um fosso para orquestra com capacidade para 45 m\u00fasicos e maquin\u00e1rio para movimenta\u00e7\u00e3o autom\u00e1tica de cen\u00e1rio.<\/p>\n<p><strong>Tombamento \u2013<\/strong> O Teatro Municipal, como item que comp\u00f5e o conjunto do Centro C\u00edvico de Santo Andr\u00e9, foi tombado como patrim\u00f4nio cultural do Estado de S\u00e3o Paulo pelo Condephaat (Conselho de Defesa do Patrim\u00f4nio Hist\u00f3rico, Arqueol\u00f3gico, Art\u00edstico e Tur\u00edstico) em 8 de abril de 2013, e do munic\u00edpio, atrav\u00e9s do Comdephaapasa (Conselho Municipal de Defesa do Patrim\u00f4nio Hist\u00f3rico, Art\u00edstico, Arquitet\u00f4nico-Urban\u00edstico e Paisag\u00edstico de Santo Andr\u00e9) em 19 de outubro de 2016, o que refor\u00e7a ainda mais a import\u00e2ncia desse espa\u00e7o como local da express\u00e3o da produ\u00e7\u00e3o cultural e de lazer para a comunidade.<\/p>\n<p><strong>Homenagem \u2013<\/strong> Em 2019, o nome do teatro, antes Ant\u00f4nio Houaiss, mudou para homenagear um dos mais importantes artistas da cidade. O atual Teatro Municipal Maestro Flavio Florence faz uma justa homenagem ao regente que esteve \u00e0 frente da Orquestra Sinf\u00f4nica de Santo Andr\u00e9 (Ossa) por 20 anos, de 1988 at\u00e9 seu falecimento em 2008. A iniciativa partiu dos m\u00fasicos e do atual maestro regente da Ossa, Abel Rocha.<\/p>\n<p>A altera\u00e7\u00e3o do nome foi debatida com representantes do setor cultural da cidade. Posteriormente, realizou-se um abaixo-assinado virtual. A proposta foi discutida com os vereadores na C\u00e2mara Municipal. O projeto de altera\u00e7\u00e3o, elaborado pelo Executivo, foi aprovado por unanimidade pelo Legislativo.<\/p>\n<p><strong>Teatro Municipal: Mem\u00f3ria e Hist\u00f3ria \u2013<\/strong> Para celebrar o cinquenten\u00e1rio do Municipal, ser\u00e1 lan\u00e7ada ainda em abril a s\u00e9rie \u2018Teatro Municipal: Mem\u00f3ria e Hist\u00f3ria\u2019, que re\u00fane mais de 30 depoimentos de personagens que marcaram estas d\u00e9cadas. S\u00e3o funcion\u00e1rios, atores, m\u00fasicos, dan\u00e7arinos e produtores, reunindo nomes como Augusto Maciel, Celso Frateschi, Ant\u00f4nio Petrin, S\u00e9rgio Guiz\u00e9 e Luis Alberto de Abreu.<\/p>\n<p>Os relatos far\u00e3o parte da agenda \u2018Cultura em Casa SA\u2019 e ser\u00e3o disponibilizados em uma playlist no canal da Secretaria de Cultura no YouTube.<\/p>\n<p>&nbsp;<\/p>\n<p><a href=\"https:\/\/www3.santoandre.sp.gov.br\/agendacultural\/wp-content\/uploads\/2021\/04\/WhatsApp-Image-2021-04-09-at-17.39.05.jpeg\"><img loading=\"lazy\" decoding=\"async\" data-attachment-id=\"11681\" data-permalink=\"https:\/\/www3.santoandre.sp.gov.br\/cultura\/whatsapp-image-2021-04-09-at-17-39-05\/\" data-orig-file=\"https:\/\/www3.santoandre.sp.gov.br\/cultura\/wp-content\/uploads\/2021\/04\/WhatsApp-Image-2021-04-09-at-17.39.05.jpeg\" data-orig-size=\"1280,853\" data-comments-opened=\"0\" data-image-meta=\"{&quot;aperture&quot;:&quot;0&quot;,&quot;credit&quot;:&quot;&quot;,&quot;camera&quot;:&quot;&quot;,&quot;caption&quot;:&quot;&quot;,&quot;created_timestamp&quot;:&quot;0&quot;,&quot;copyright&quot;:&quot;&quot;,&quot;focal_length&quot;:&quot;0&quot;,&quot;iso&quot;:&quot;0&quot;,&quot;shutter_speed&quot;:&quot;0&quot;,&quot;title&quot;:&quot;&quot;,&quot;orientation&quot;:&quot;0&quot;}\" data-image-title=\"WhatsApp Image 2021-04-09 at 17.39.05\" data-image-description=\"\" data-image-caption=\"\" data-large-file=\"https:\/\/www3.santoandre.sp.gov.br\/cultura\/wp-content\/uploads\/2021\/04\/WhatsApp-Image-2021-04-09-at-17.39.05-1024x682.jpeg\" class=\"alignnone size-thumbnail wp-image-11681\" src=\"https:\/\/www3.santoandre.sp.gov.br\/agendacultural\/wp-content\/uploads\/2021\/04\/WhatsApp-Image-2021-04-09-at-17.39.05-150x100.jpeg\" alt=\"\" width=\"150\" height=\"100\" \/><\/a> <a href=\"https:\/\/www3.santoandre.sp.gov.br\/agendacultural\/wp-content\/uploads\/2021\/04\/WhatsApp-Image-2021-04-09-at-17.38.56.jpeg\"><img loading=\"lazy\" decoding=\"async\" data-attachment-id=\"11680\" data-permalink=\"https:\/\/www3.santoandre.sp.gov.br\/cultura\/whatsapp-image-2021-04-09-at-17-38-56\/\" data-orig-file=\"https:\/\/www3.santoandre.sp.gov.br\/cultura\/wp-content\/uploads\/2021\/04\/WhatsApp-Image-2021-04-09-at-17.38.56.jpeg\" data-orig-size=\"1280,853\" data-comments-opened=\"0\" data-image-meta=\"{&quot;aperture&quot;:&quot;0&quot;,&quot;credit&quot;:&quot;&quot;,&quot;camera&quot;:&quot;&quot;,&quot;caption&quot;:&quot;&quot;,&quot;created_timestamp&quot;:&quot;0&quot;,&quot;copyright&quot;:&quot;&quot;,&quot;focal_length&quot;:&quot;0&quot;,&quot;iso&quot;:&quot;0&quot;,&quot;shutter_speed&quot;:&quot;0&quot;,&quot;title&quot;:&quot;&quot;,&quot;orientation&quot;:&quot;0&quot;}\" data-image-title=\"WhatsApp Image 2021-04-09 at 17.38.56\" data-image-description=\"\" data-image-caption=\"\" data-large-file=\"https:\/\/www3.santoandre.sp.gov.br\/cultura\/wp-content\/uploads\/2021\/04\/WhatsApp-Image-2021-04-09-at-17.38.56-1024x682.jpeg\" class=\"alignnone size-thumbnail wp-image-11680\" src=\"https:\/\/www3.santoandre.sp.gov.br\/agendacultural\/wp-content\/uploads\/2021\/04\/WhatsApp-Image-2021-04-09-at-17.38.56-150x100.jpeg\" alt=\"\" width=\"150\" height=\"100\" \/><\/a> <a href=\"https:\/\/www3.santoandre.sp.gov.br\/agendacultural\/wp-content\/uploads\/2021\/04\/WhatsApp-Image-2021-04-09-at-17.38.56-4.jpeg\"><img loading=\"lazy\" decoding=\"async\" data-attachment-id=\"11679\" data-permalink=\"https:\/\/www3.santoandre.sp.gov.br\/cultura\/whatsapp-image-2021-04-09-at-17-38-56-4\/\" data-orig-file=\"https:\/\/www3.santoandre.sp.gov.br\/cultura\/wp-content\/uploads\/2021\/04\/WhatsApp-Image-2021-04-09-at-17.38.56-4.jpeg\" data-orig-size=\"1280,853\" data-comments-opened=\"0\" data-image-meta=\"{&quot;aperture&quot;:&quot;0&quot;,&quot;credit&quot;:&quot;&quot;,&quot;camera&quot;:&quot;&quot;,&quot;caption&quot;:&quot;&quot;,&quot;created_timestamp&quot;:&quot;0&quot;,&quot;copyright&quot;:&quot;&quot;,&quot;focal_length&quot;:&quot;0&quot;,&quot;iso&quot;:&quot;0&quot;,&quot;shutter_speed&quot;:&quot;0&quot;,&quot;title&quot;:&quot;&quot;,&quot;orientation&quot;:&quot;0&quot;}\" data-image-title=\"WhatsApp Image 2021-04-09 at 17.38.56 (4)\" data-image-description=\"\" data-image-caption=\"\" data-large-file=\"https:\/\/www3.santoandre.sp.gov.br\/cultura\/wp-content\/uploads\/2021\/04\/WhatsApp-Image-2021-04-09-at-17.38.56-4-1024x682.jpeg\" class=\"alignnone size-thumbnail wp-image-11679\" src=\"https:\/\/www3.santoandre.sp.gov.br\/agendacultural\/wp-content\/uploads\/2021\/04\/WhatsApp-Image-2021-04-09-at-17.38.56-4-150x100.jpeg\" alt=\"\" width=\"150\" height=\"100\" \/><\/a> <a href=\"https:\/\/www3.santoandre.sp.gov.br\/agendacultural\/wp-content\/uploads\/2021\/04\/WhatsApp-Image-2021-04-09-at-17.38.56-1.jpeg\"><img loading=\"lazy\" decoding=\"async\" data-attachment-id=\"11678\" data-permalink=\"https:\/\/www3.santoandre.sp.gov.br\/cultura\/whatsapp-image-2021-04-09-at-17-38-56-1\/\" data-orig-file=\"https:\/\/www3.santoandre.sp.gov.br\/cultura\/wp-content\/uploads\/2021\/04\/WhatsApp-Image-2021-04-09-at-17.38.56-1.jpeg\" data-orig-size=\"1280,853\" data-comments-opened=\"0\" data-image-meta=\"{&quot;aperture&quot;:&quot;0&quot;,&quot;credit&quot;:&quot;&quot;,&quot;camera&quot;:&quot;&quot;,&quot;caption&quot;:&quot;&quot;,&quot;created_timestamp&quot;:&quot;0&quot;,&quot;copyright&quot;:&quot;&quot;,&quot;focal_length&quot;:&quot;0&quot;,&quot;iso&quot;:&quot;0&quot;,&quot;shutter_speed&quot;:&quot;0&quot;,&quot;title&quot;:&quot;&quot;,&quot;orientation&quot;:&quot;0&quot;}\" data-image-title=\"WhatsApp Image 2021-04-09 at 17.38.56 (1)\" data-image-description=\"\" data-image-caption=\"\" data-large-file=\"https:\/\/www3.santoandre.sp.gov.br\/cultura\/wp-content\/uploads\/2021\/04\/WhatsApp-Image-2021-04-09-at-17.38.56-1-1024x682.jpeg\" class=\"alignnone size-thumbnail wp-image-11678\" src=\"https:\/\/www3.santoandre.sp.gov.br\/agendacultural\/wp-content\/uploads\/2021\/04\/WhatsApp-Image-2021-04-09-at-17.38.56-1-150x100.jpeg\" alt=\"\" width=\"150\" height=\"100\" \/><\/a> <a href=\"https:\/\/www3.santoandre.sp.gov.br\/agendacultural\/wp-content\/uploads\/2021\/04\/WhatsApp-Image-2021-04-09-at-17.38.55-2.jpeg\"><img loading=\"lazy\" decoding=\"async\" data-attachment-id=\"11677\" data-permalink=\"https:\/\/www3.santoandre.sp.gov.br\/cultura\/whatsapp-image-2021-04-09-at-17-38-55-2\/\" data-orig-file=\"https:\/\/www3.santoandre.sp.gov.br\/cultura\/wp-content\/uploads\/2021\/04\/WhatsApp-Image-2021-04-09-at-17.38.55-2.jpeg\" data-orig-size=\"1280,853\" data-comments-opened=\"0\" data-image-meta=\"{&quot;aperture&quot;:&quot;0&quot;,&quot;credit&quot;:&quot;&quot;,&quot;camera&quot;:&quot;&quot;,&quot;caption&quot;:&quot;&quot;,&quot;created_timestamp&quot;:&quot;0&quot;,&quot;copyright&quot;:&quot;&quot;,&quot;focal_length&quot;:&quot;0&quot;,&quot;iso&quot;:&quot;0&quot;,&quot;shutter_speed&quot;:&quot;0&quot;,&quot;title&quot;:&quot;&quot;,&quot;orientation&quot;:&quot;0&quot;}\" data-image-title=\"WhatsApp Image 2021-04-09 at 17.38.55 (2)\" data-image-description=\"\" data-image-caption=\"\" data-large-file=\"https:\/\/www3.santoandre.sp.gov.br\/cultura\/wp-content\/uploads\/2021\/04\/WhatsApp-Image-2021-04-09-at-17.38.55-2-1024x682.jpeg\" class=\"alignnone size-thumbnail wp-image-11677\" src=\"https:\/\/www3.santoandre.sp.gov.br\/agendacultural\/wp-content\/uploads\/2021\/04\/WhatsApp-Image-2021-04-09-at-17.38.55-2-150x100.jpeg\" alt=\"\" width=\"150\" height=\"100\" \/><\/a> <a href=\"https:\/\/www3.santoandre.sp.gov.br\/agendacultural\/wp-content\/uploads\/2021\/04\/WhatsApp-Image-2021-04-09-at-17.38.55-1.jpeg\"><img loading=\"lazy\" decoding=\"async\" data-attachment-id=\"11676\" data-permalink=\"https:\/\/www3.santoandre.sp.gov.br\/cultura\/whatsapp-image-2021-04-09-at-17-38-55-1\/\" data-orig-file=\"https:\/\/www3.santoandre.sp.gov.br\/cultura\/wp-content\/uploads\/2021\/04\/WhatsApp-Image-2021-04-09-at-17.38.55-1.jpeg\" data-orig-size=\"1280,853\" data-comments-opened=\"0\" data-image-meta=\"{&quot;aperture&quot;:&quot;0&quot;,&quot;credit&quot;:&quot;&quot;,&quot;camera&quot;:&quot;&quot;,&quot;caption&quot;:&quot;&quot;,&quot;created_timestamp&quot;:&quot;0&quot;,&quot;copyright&quot;:&quot;&quot;,&quot;focal_length&quot;:&quot;0&quot;,&quot;iso&quot;:&quot;0&quot;,&quot;shutter_speed&quot;:&quot;0&quot;,&quot;title&quot;:&quot;&quot;,&quot;orientation&quot;:&quot;0&quot;}\" data-image-title=\"WhatsApp Image 2021-04-09 at 17.38.55 (1)\" data-image-description=\"\" data-image-caption=\"\" data-large-file=\"https:\/\/www3.santoandre.sp.gov.br\/cultura\/wp-content\/uploads\/2021\/04\/WhatsApp-Image-2021-04-09-at-17.38.55-1-1024x682.jpeg\" class=\"alignnone size-thumbnail wp-image-11676\" src=\"https:\/\/www3.santoandre.sp.gov.br\/agendacultural\/wp-content\/uploads\/2021\/04\/WhatsApp-Image-2021-04-09-at-17.38.55-1-150x100.jpeg\" alt=\"\" width=\"150\" height=\"100\" \/><\/a> <a href=\"https:\/\/www3.santoandre.sp.gov.br\/agendacultural\/wp-content\/uploads\/2021\/04\/WhatsApp-Image-2021-04-09-at-17.38.54-4.jpeg\"><img loading=\"lazy\" decoding=\"async\" data-attachment-id=\"11675\" data-permalink=\"https:\/\/www3.santoandre.sp.gov.br\/cultura\/whatsapp-image-2021-04-09-at-17-38-54-4\/\" data-orig-file=\"https:\/\/www3.santoandre.sp.gov.br\/cultura\/wp-content\/uploads\/2021\/04\/WhatsApp-Image-2021-04-09-at-17.38.54-4.jpeg\" data-orig-size=\"1280,853\" data-comments-opened=\"0\" data-image-meta=\"{&quot;aperture&quot;:&quot;0&quot;,&quot;credit&quot;:&quot;&quot;,&quot;camera&quot;:&quot;&quot;,&quot;caption&quot;:&quot;&quot;,&quot;created_timestamp&quot;:&quot;0&quot;,&quot;copyright&quot;:&quot;&quot;,&quot;focal_length&quot;:&quot;0&quot;,&quot;iso&quot;:&quot;0&quot;,&quot;shutter_speed&quot;:&quot;0&quot;,&quot;title&quot;:&quot;&quot;,&quot;orientation&quot;:&quot;0&quot;}\" data-image-title=\"WhatsApp Image 2021-04-09 at 17.38.54 (4)\" data-image-description=\"\" data-image-caption=\"\" data-large-file=\"https:\/\/www3.santoandre.sp.gov.br\/cultura\/wp-content\/uploads\/2021\/04\/WhatsApp-Image-2021-04-09-at-17.38.54-4-1024x682.jpeg\" class=\"alignnone size-thumbnail wp-image-11675\" src=\"https:\/\/www3.santoandre.sp.gov.br\/agendacultural\/wp-content\/uploads\/2021\/04\/WhatsApp-Image-2021-04-09-at-17.38.54-4-150x100.jpeg\" alt=\"\" width=\"150\" height=\"100\" \/><\/a><\/p>\n<p>&nbsp;<\/p>\n<p>&nbsp;<\/p>\n<p>|Texto: Marcos Imbrizi e Daniela Mian<\/p>\n<p>&nbsp;<\/p>\n<p>&nbsp;<\/p>\n","protected":false},"excerpt":{"rendered":"<p>No anivers\u00e1rio de 468 da cidade, espa\u00e7o cultural recebe restauro das 468 poltronas; outras melhorias est\u00e3o previstas para o equipamento, reconhecido por sua ac\u00fastica perfeita &nbsp; Santo Andr\u00e9, 12 de abril de 2021 \u2013 Principal espa\u00e7o cultural da cidade, o Teatro Municipal de Santo Andr\u00e9 completa 50 anos de sua inaugura\u00e7\u00e3o nesta ter\u00e7a-feira (13). A&hellip;<\/p>\n","protected":false},"author":2,"featured_media":11674,"comment_status":"closed","ping_status":"closed","sticky":false,"template":"fullwidth-1.php","format":"standard","meta":{"_jetpack_memberships_contains_paid_content":false,"footnotes":"","jetpack_publicize_message":"","jetpack_publicize_feature_enabled":true,"jetpack_social_post_already_shared":false,"jetpack_social_options":{"image_generator_settings":{"template":"highway","default_image_id":0,"font":"","enabled":false},"version":2}},"categories":[6,16],"tags":[],"class_list":["post-11673","post","type-post","status-publish","format-standard","has-post-thumbnail","hentry","category-noticias","category-teatro"],"jetpack_publicize_connections":[],"jetpack_featured_media_url":"https:\/\/www3.santoandre.sp.gov.br\/cultura\/wp-content\/uploads\/2021\/04\/WhatsApp-Image-2021-04-09-at-17.38.56-2.jpeg","jetpack_sharing_enabled":true,"_links":{"self":[{"href":"https:\/\/www3.santoandre.sp.gov.br\/cultura\/wp-json\/wp\/v2\/posts\/11673","targetHints":{"allow":["GET"]}}],"collection":[{"href":"https:\/\/www3.santoandre.sp.gov.br\/cultura\/wp-json\/wp\/v2\/posts"}],"about":[{"href":"https:\/\/www3.santoandre.sp.gov.br\/cultura\/wp-json\/wp\/v2\/types\/post"}],"author":[{"embeddable":true,"href":"https:\/\/www3.santoandre.sp.gov.br\/cultura\/wp-json\/wp\/v2\/users\/2"}],"replies":[{"embeddable":true,"href":"https:\/\/www3.santoandre.sp.gov.br\/cultura\/wp-json\/wp\/v2\/comments?post=11673"}],"version-history":[{"count":0,"href":"https:\/\/www3.santoandre.sp.gov.br\/cultura\/wp-json\/wp\/v2\/posts\/11673\/revisions"}],"wp:featuredmedia":[{"embeddable":true,"href":"https:\/\/www3.santoandre.sp.gov.br\/cultura\/wp-json\/wp\/v2\/media\/11674"}],"wp:attachment":[{"href":"https:\/\/www3.santoandre.sp.gov.br\/cultura\/wp-json\/wp\/v2\/media?parent=11673"}],"wp:term":[{"taxonomy":"category","embeddable":true,"href":"https:\/\/www3.santoandre.sp.gov.br\/cultura\/wp-json\/wp\/v2\/categories?post=11673"},{"taxonomy":"post_tag","embeddable":true,"href":"https:\/\/www3.santoandre.sp.gov.br\/cultura\/wp-json\/wp\/v2\/tags?post=11673"}],"curies":[{"name":"wp","href":"https:\/\/api.w.org\/{rel}","templated":true}]}}