{"id":1411,"date":"2021-04-22T18:15:29","date_gmt":"2021-04-22T15:15:29","guid":{"rendered":"https:\/\/www3.santoandre.sp.gov.br\/chmsa\/?p=1411"},"modified":"2021-04-30T18:31:52","modified_gmt":"2021-04-30T15:31:52","slug":"paciente-recebe-visita-de-cachorro-de-estimacao-no-centro-hospitalar-municipal-de-santo-andre","status":"publish","type":"post","link":"https:\/\/www3.santoandre.sp.gov.br\/chmsa\/index.php\/2021\/04\/22\/paciente-recebe-visita-de-cachorro-de-estimacao-no-centro-hospitalar-municipal-de-santo-andre\/","title":{"rendered":"Paciente recebe visita de cachorro de estima\u00e7\u00e3o no Centro Hospitalar Municipal de Santo Andr\u00e9"},"content":{"rendered":"<p style=\"text-align: center;\"><em>Equipe de humaniza\u00e7\u00e3o abriu exce\u00e7\u00e3o ao saber da saudade que Jo\u00e3o sentia do amigo de quatro patas<\/em><\/p>\n<p>Internado no Centro Hospitalar Municipal de Santo Andr\u00e9, o paciente <strong>Jo\u00e3o Sanches<\/strong>, de 63 anos, recebeu nesta quinta-feira (22\/04) a visita de seu cachorro de estima\u00e7\u00e3o, o <strong>Theo<\/strong>. Um al\u00edvio para o cora\u00e7\u00e3o, em meio ao tratamento de neoplasia pulmonar com met\u00e1stase. Theo faz parte da fam\u00edlia h\u00e1 tr\u00eas anos, tempo suficiente para ser o \u201camor da vida\u201d de Jo\u00e3o. \u201c\u00c9 amor demais, ele \u00e9 o amor da minha vida, s\u00f3 isso que eu tenho a dizer\u201d, destacou.<\/p>\n<p>Ap\u00f3s o diagn\u00f3stico e a impossibilidade de alta de Jo\u00e3o, a equipe de humaniza\u00e7\u00e3o do Centro Hospitalar Municipal de Santo Andr\u00e9 Dr. Newton da Costa Brand\u00e3o decidiu liberar, cumprindo todos os cuidados sanit\u00e1rios exigidos durante a pandemia, a visita de Theo.<\/p>\n<p>\u201cConseguimos articular esta visita que \u00e9 muito importante, at\u00e9 em quest\u00e3o de tratamento, porque melhora o \u00e2nimo e tranquiliza o paciente, que chorou ao pedir para ir embora se despedir do animal de estima\u00e7\u00e3o. Al\u00e9m de encher toda a equipe de esperan\u00e7a e gratid\u00e3o\u201d, afirmou a m\u00e9dica paliativista, <strong>Dra. Leticia Sousa Teixeira Cordeiro<\/strong>.<\/p>\n<p>O paciente, internado desde o dia 5 de abril com neoplasia pulmonar metast\u00e1tica, foi submetido a cuidados paliativos, sem condi\u00e7\u00f5es de alta. Jo\u00e3o chamava diariamente por Theo, por\u00e9m, devido \u00e0s complica\u00e7\u00f5es da doen\u00e7a, n\u00e3o era poss\u00edvel que fosse retirado do oxig\u00eanio. Desta forma, foi solicitado \u00e0 diretoria do CHMSA a libera\u00e7\u00e3o da visita do animal no hospital.<\/p>\n<p>\u201cEle chorava de saudade do Theo, tenho certeza que esse encontro vai fazer muito bem para ele, at\u00e9 ajudar no tratamento. Eu me senti emocionada e muito grata por terem liberado, porque era tudo o que ele queria, e eu estou em paz, ele ficou feliz e o que eu puder fazer para v\u00ea-lo feliz eu vou fazer\u201d, afirmou <strong>Silmara de Queiroz Sanches<\/strong>, esposa de Jo\u00e3o.<\/p>\n<p>A a\u00e7\u00e3o foi integrada entre a equipe de cuidados paliativos, diretoria, equipe m\u00e9dica, enfermagem, psicologia e servi\u00e7o social do CHMSA, para que, de forma r\u00e1pida e organizada, o encontro fosse proporcionado ao paciente.<\/p>\n<p>Estudos apontam que a intera\u00e7\u00e3o entre c\u00e3es e pacientes tem efeito calmante e antidepressivo, al\u00e9m da redu\u00e7\u00e3o da press\u00e3o sangu\u00ednea e card\u00edaca, melhoria do sistema imunol\u00f3gico e do bem-estar geral. O CHMSA iniciou em junho de 2019 as atividades de Pet Terapia em sua unidade pedi\u00e1trica, mas a a\u00e7\u00e3o est\u00e1 temporariamente suspensa por conta da pandemia.<\/p>\n<p><em><strong>Fonte: Comunica\u00e7\u00e3o \/ PSA <\/strong><\/em><br \/>\n<em>Foto: Angelo Baima \/ PSA<\/em><\/p>\n<p>&nbsp;<\/p>\n","protected":false},"excerpt":{"rendered":"<p>Equipe de humaniza\u00e7\u00e3o abriu exce\u00e7\u00e3o ao saber da saudade que Jo\u00e3o sentia do amigo de&#8230;<\/p>\n","protected":false},"author":5,"featured_media":1413,"comment_status":"open","ping_status":"open","sticky":false,"template":"","format":"standard","meta":{"footnotes":""},"categories":[6],"tags":[14,21,67,68,15],"class_list":["post-1411","post","type-post","status-publish","format-standard","has-post-thumbnail","hentry","category-noticias","tag-chm","tag-chmsa","tag-cuidados-paliativos","tag-pet-terapia","tag-santo-andre"],"_links":{"self":[{"href":"https:\/\/www3.santoandre.sp.gov.br\/chmsa\/index.php\/wp-json\/wp\/v2\/posts\/1411","targetHints":{"allow":["GET"]}}],"collection":[{"href":"https:\/\/www3.santoandre.sp.gov.br\/chmsa\/index.php\/wp-json\/wp\/v2\/posts"}],"about":[{"href":"https:\/\/www3.santoandre.sp.gov.br\/chmsa\/index.php\/wp-json\/wp\/v2\/types\/post"}],"author":[{"embeddable":true,"href":"https:\/\/www3.santoandre.sp.gov.br\/chmsa\/index.php\/wp-json\/wp\/v2\/users\/5"}],"replies":[{"embeddable":true,"href":"https:\/\/www3.santoandre.sp.gov.br\/chmsa\/index.php\/wp-json\/wp\/v2\/comments?post=1411"}],"version-history":[{"count":2,"href":"https:\/\/www3.santoandre.sp.gov.br\/chmsa\/index.php\/wp-json\/wp\/v2\/posts\/1411\/revisions"}],"predecessor-version":[{"id":1414,"href":"https:\/\/www3.santoandre.sp.gov.br\/chmsa\/index.php\/wp-json\/wp\/v2\/posts\/1411\/revisions\/1414"}],"wp:featuredmedia":[{"embeddable":true,"href":"https:\/\/www3.santoandre.sp.gov.br\/chmsa\/index.php\/wp-json\/wp\/v2\/media\/1413"}],"wp:attachment":[{"href":"https:\/\/www3.santoandre.sp.gov.br\/chmsa\/index.php\/wp-json\/wp\/v2\/media?parent=1411"}],"wp:term":[{"taxonomy":"category","embeddable":true,"href":"https:\/\/www3.santoandre.sp.gov.br\/chmsa\/index.php\/wp-json\/wp\/v2\/categories?post=1411"},{"taxonomy":"post_tag","embeddable":true,"href":"https:\/\/www3.santoandre.sp.gov.br\/chmsa\/index.php\/wp-json\/wp\/v2\/tags?post=1411"}],"curies":[{"name":"wp","href":"https:\/\/api.w.org\/{rel}","templated":true}]}}